{"id":1089,"date":"2016-09-22T07:53:37","date_gmt":"2016-09-22T05:53:37","guid":{"rendered":"http:\/\/www.brettl.at\/blog\/?p=1089"},"modified":"2024-09-02T16:50:20","modified_gmt":"2024-09-02T14:50:20","slug":"kaiser-karl-inkognito-in-pinkafeld","status":"publish","type":"post","link":"https:\/\/www.brettl.at\/blog\/kaiser-karl-inkognito-in-pinkafeld\/","title":{"rendered":"Kaiser Karl inkognito in Pinkafeld"},"content":{"rendered":"<div class=\"fusion-fullwidth fullwidth-box fusion-builder-row-1 nonhundred-percent-fullwidth non-hundred-percent-height-scrolling\" style=\"--awb-background-position:left top;--awb-border-sizes-top:0px;--awb-border-sizes-bottom:0px;--awb-border-sizes-left:0px;--awb-border-sizes-right:0px;--awb-border-radius-top-left:0px;--awb-border-radius-top-right:0px;--awb-border-radius-bottom-right:0px;--awb-border-radius-bottom-left:0px;--awb-padding-top:20px;--awb-padding-right:0px;--awb-padding-bottom:20px;--awb-padding-left:0px;--awb-flex-wrap:wrap;\" ><div class=\"fusion-builder-row fusion-row\"><div class=\"fusion-layout-column fusion_builder_column fusion-builder-column-0 fusion_builder_column_1_1 1_1 fusion-one-full fusion-column-first fusion-column-last fusion-column-no-min-height\" style=\"--awb-bg-size:cover;--awb-margin-bottom:0px;\"><div class=\"fusion-column-wrapper fusion-flex-column-wrapper-legacy\"><div class=\"fusion-text fusion-text-1\"><p>Zweimal, am 21. M\u00e4rz und am 22. Oktober 1921, startet der entthronte K\u00f6nig und Kaiser Karl in Ungarn einen Restaurationsversuch. Die R\u00fcckkehr des Habsburgers auf den ungarischen K\u00f6nigsthron wurde jedoch verhindert. Beide Male geschah der R\u00fcckkehrversuch von Westungarn aus.<\/p>\n<div id=\"attachment_1090\" style=\"width: 310px\" class=\"wp-caption alignleft\"><a href=\"http:\/\/www.brettl.at\/wp-content\/uploads\/2016\/09\/Kaiser-in-Pinakfeld2.jpg\"><img decoding=\"async\" aria-describedby=\"caption-attachment-1090\" class=\"size-medium wp-image-1090\" src=\"http:\/\/www.brettl.at\/wp-content\/uploads\/2016\/09\/Kaiser-in-Pinakfeld2-300x191.jpg\" alt=\"Karl in Pinkafeld\" width=\"300\" height=\"191\" srcset=\"https:\/\/www.brettl.at\/wp-content\/uploads\/2016\/09\/Kaiser-in-Pinakfeld2-300x191.jpg 300w, https:\/\/www.brettl.at\/wp-content\/uploads\/2016\/09\/Kaiser-in-Pinakfeld2-460x295.jpg 460w, https:\/\/www.brettl.at\/wp-content\/uploads\/2016\/09\/Kaiser-in-Pinakfeld2.jpg 737w\" sizes=\"(max-width: 300px) 100vw, 300px\" \/><\/a><p id=\"caption-attachment-1090\" class=\"wp-caption-text\">Karl bei seinem zweiten Restaurationsversuch im Oktober 1921.<\/p><\/div>\n<p>Der Hotelier Lehner aus Pinkafeld schreibt dazu: \u201eAm Karsamstag des Jahres 1921 hielt vor meinem Gasthaus ein Auto, dem zwei distinguierte Herren entstiegen. Das Fahrzeug kam von Sinersdorf. Es war in der Mittagsstunde. Die beiden Herren betraten das Gastlokal und nahmen im Extrazimmer Platz. In der Gaststube waren einige einheimische G\u00e4ste anwesend. Der Kraftfahrer versorgte inzwischen einige elegante Lederkoffer. Zu mir sagte er: \u201aHerr Wirt, kennen Sie die Herren?\u2018 \u201aIch werde doch den Grafen Erd\u00f6dy kennen!\u2018 gab ich zur Antwort. Einer der Beiden Herren war mir n\u00e4mlich schon lange Bekannt, es war Graf Thomas Erd\u00f6dy aus Rotenturm. Den zweiten Herren kannte ich nicht, obwohl mir seine Gesichtsz\u00fcge irgendwie bekannt vorkamen. Die Augen waren durch Autobrillen, wie sie damals \u00fcblich waren, verdeckt, dazu hatten die Brillen noch schwarzes Glas. Der Gast legte diese Brille auch w\u00e4hrend des sp\u00e4teren Mittagessens nicht ab. Auf meinen Hinweis an den Grafen Erd\u00f6dy, da\u00df mir sein Begleiter bekannt vork\u00e4me und da\u00df ich den Herrn schon irgendwie gesehen h\u00e4tte, gab der Graf zur Antwort, da\u00df dies vollkommen ausgeschlossen sei, denn jener Herr w\u00e4re der Vertreter des spanischen \u201eSchwarzen Kreuzes\u201c. Darauf bestellte er das Mittagessen. Es gab Naturschnitzel mit Essiggurken. [\u2026] Da das Mittagessen anscheinend mundete, bestellte der fremde Gast in franz\u00f6sischer Sprache ein weiteres Schnitzel. [\u2026] Graf Thomas Erd\u00f6dy verlie\u00df mehrere Male das Gasthaus, um zu telefonieren. Er offensichtlich nerv\u00f6s, denn ihm wurde fernm\u00fcndlich mitgeteilt, da\u00df sein eigenes Auto, welches zur Weiterfahrt ben\u00f6tigt wurde, eine Panne h\u00e4tte. [\u2026] So \u00e4u\u00dferte schlie\u00dflich Graf Erd\u00f6dy den Wunsch, meinen Pferdewagen zur Weiterfahrt zur Verf\u00fcgung zu stellen. [\u2026] Um 17 Uhr war mein Kutscher Johann Huhlfeld zur Abfahrt bereit. [\u2026] Nach Oberwart nahm der vermeintliche Spanier die Autobrillen von den Augen und wurde vom Kutscher sofort erkannt. [\u2026] Die Fahrt ging bis Gro\u00dfpetersdorf. Bei Herrn Scheu stiegen die beiden Fahrg\u00e4ste vom Wagen, der Kutscher konnte die R\u00fcckfahrt antreten. Sp\u00e4t in der Nacht meldete er bei mir seine R\u00fcckkehr und meinte aufgeregt: \u201aHerr, wisse Sie, wen ich heute gefahren bin? Den Kaiser!\u2018 F\u00fcr mich bedeute der Besuch Kaiser Karls etwas ganz Gro\u00dfes. [\u2026]\u201c<br \/>\n(Piff Hans, von Pinkaf\u00f6 nach Pinkafeld, S. 90-91)<\/p>\n<\/div><div class=\"fusion-clearfix\"><\/div><\/div><\/div><\/div><\/div>\n","protected":false},"excerpt":{"rendered":"<p>Zweimal, am 21. M\u00e4rz und am 22. Oktober 1921, startet der entthronte K\u00f6nig und Kaiser Karl in Ungarn einen Restaurationsversuch.<br \/>\nBeide Male geschah der R\u00fcckkehrversuch von Westungarn aus. <\/p>\n","protected":false},"author":3,"featured_media":1090,"comment_status":"open","ping_status":"open","sticky":false,"template":"","format":"standard","meta":{"footnotes":""},"categories":[278,38,20],"tags":[120,85,175],"class_list":["post-1089","post","type-post","status-publish","format-standard","has-post-thumbnail","hentry","category-278","category-westungarn","category-zwischenkriegszeit","tag-grosspetersdorf","tag-pinkafeld","tag-rotenturm"],"_links":{"self":[{"href":"https:\/\/www.brettl.at\/blog\/wp-json\/wp\/v2\/posts\/1089","targetHints":{"allow":["GET"]}}],"collection":[{"href":"https:\/\/www.brettl.at\/blog\/wp-json\/wp\/v2\/posts"}],"about":[{"href":"https:\/\/www.brettl.at\/blog\/wp-json\/wp\/v2\/types\/post"}],"author":[{"embeddable":true,"href":"https:\/\/www.brettl.at\/blog\/wp-json\/wp\/v2\/users\/3"}],"replies":[{"embeddable":true,"href":"https:\/\/www.brettl.at\/blog\/wp-json\/wp\/v2\/comments?post=1089"}],"version-history":[{"count":7,"href":"https:\/\/www.brettl.at\/blog\/wp-json\/wp\/v2\/posts\/1089\/revisions"}],"predecessor-version":[{"id":4433,"href":"https:\/\/www.brettl.at\/blog\/wp-json\/wp\/v2\/posts\/1089\/revisions\/4433"}],"wp:featuredmedia":[{"embeddable":true,"href":"https:\/\/www.brettl.at\/blog\/wp-json\/wp\/v2\/media\/1090"}],"wp:attachment":[{"href":"https:\/\/www.brettl.at\/blog\/wp-json\/wp\/v2\/media?parent=1089"}],"wp:term":[{"taxonomy":"category","embeddable":true,"href":"https:\/\/www.brettl.at\/blog\/wp-json\/wp\/v2\/categories?post=1089"},{"taxonomy":"post_tag","embeddable":true,"href":"https:\/\/www.brettl.at\/blog\/wp-json\/wp\/v2\/tags?post=1089"}],"curies":[{"name":"wp","href":"https:\/\/api.w.org\/{rel}","templated":true}]}}