{"id":1143,"date":"2016-10-23T16:00:27","date_gmt":"2016-10-23T14:00:27","guid":{"rendered":"http:\/\/www.brettl.at\/blog\/?p=1143"},"modified":"2024-09-02T16:49:41","modified_gmt":"2024-09-02T14:49:41","slug":"flucht-ueber-den-einser-kanal","status":"publish","type":"post","link":"https:\/\/www.brettl.at\/blog\/flucht-ueber-den-einser-kanal\/","title":{"rendered":"Flucht \u00fcber den Einser Kanal"},"content":{"rendered":"<div class=\"fusion-fullwidth fullwidth-box fusion-builder-row-1 nonhundred-percent-fullwidth non-hundred-percent-height-scrolling\" style=\"--awb-background-position:left top;--awb-border-sizes-top:0px;--awb-border-sizes-bottom:0px;--awb-border-sizes-left:0px;--awb-border-sizes-right:0px;--awb-border-radius-top-left:0px;--awb-border-radius-top-right:0px;--awb-border-radius-bottom-right:0px;--awb-border-radius-bottom-left:0px;--awb-padding-top:20px;--awb-padding-right:0px;--awb-padding-bottom:20px;--awb-padding-left:0px;--awb-flex-wrap:wrap;\" ><div class=\"fusion-builder-row fusion-row\"><div class=\"fusion-layout-column fusion_builder_column fusion-builder-column-0 fusion_builder_column_1_1 1_1 fusion-one-full fusion-column-first fusion-column-last fusion-column-no-min-height\" style=\"--awb-bg-size:cover;--awb-margin-bottom:0px;\"><div class=\"fusion-column-wrapper fusion-flex-column-wrapper-legacy\"><div class=\"fusion-text fusion-text-1\"><p>Der ungarische Volksaufstand gegen die kommunistische Herrschaft wurde im November 1956 brutal niedergeschlagen. Zahlreiche Aufst\u00e4ndische, Verfolgte oder Entt\u00e4uschte flohen in den n\u00e4chsten Wochen \u00fcber \u00d6sterreich in die Freiheit. Einer dieser Fl\u00fcchtlinge war Alexander Horvath aus Hegyk\u00f6, s\u00fcdlich des Neusiedler Sees. 1956 kam er zur ungarischen Armee, wo er als Ausbilder von Reit- und Turnierpferden und als Patrouillenreiter eingesetzt war. Er beteiligte sich mit seiner Einheit aktiv an der Revolution und bef\u00fcrchtete verhaftet zu werden.<\/p>\n<div id=\"attachment_1144\" style=\"width: 310px\" class=\"wp-caption alignleft\"><a href=\"http:\/\/www.brettl.at\/wp-content\/uploads\/2016\/10\/Fl\u00fcchtlinge2.jpg\"><img decoding=\"async\" aria-describedby=\"caption-attachment-1144\" class=\"size-medium wp-image-1144\" src=\"http:\/\/www.brettl.at\/wp-content\/uploads\/2016\/10\/Fl\u00fcchtlinge2-300x281.jpg\" alt=\"Ungarische Fl\u00fcchtlinge\" width=\"300\" height=\"281\" srcset=\"https:\/\/www.brettl.at\/wp-content\/uploads\/2016\/10\/Fl\u00fcchtlinge2-52x50.jpg 52w, https:\/\/www.brettl.at\/wp-content\/uploads\/2016\/10\/Fl\u00fcchtlinge2-300x281.jpg 300w, https:\/\/www.brettl.at\/wp-content\/uploads\/2016\/10\/Fl\u00fcchtlinge2.jpg 640w\" sizes=\"(max-width: 300px) 100vw, 300px\" \/><\/a><p id=\"caption-attachment-1144\" class=\"wp-caption-text\">Ungarische Fl\u00fcchtlinge in Klingenbach 1956.<\/p><\/div>\n<p>Er schildert seine Flucht nach \u00d6sterreich: \u201eAm 6. November 1956 floh ich \u00fcber den Einserkanal im Seewinkel Richtung Pamhagen. Es regnete stark, da ich kein Ersatzgewand mithatte, zog ich mich aus und \u00fcbernachtete in einer Strohtriste. In der Fr\u00fch sah ich die ungarische Fahne, ich war nicht weiter weg von der Grenze als 200-300m, so verirrt hatte ich mich in der Nacht. Da habe ich zwei \u00f6sterreichische Z\u00f6llner gesehen mit dem Fahrrad. Die brachten mich zun\u00e4chst zum Apetloner Hof, dann wurde ich mit dem Traktor zum Gendarmerieposten in Pamhagen gef\u00fchrt. Dort habe ich eine ungarische Familie aus Hegyk\u00f6 getroffen, sie ist auch gefl\u00fcchtet. Ich wurde untersucht und bekam ein Mittagessen. Am selben Tag wurde ich mit dem Autobus nach Eisenstadt gef\u00fchrt in ein Sammellager mit vielen Fl\u00fcchtlingen, es ging aber gleich weiter nach Traiskirchen, dort kamen wir am Abend an. In der Fr\u00fch wurde uns gesagt: \u201aLeute, wir suchen Landarbeiter, die etwas von der Landwirtschaft verstehen, und auch Fahrer. Bitte melden!\u2018 Ich bin gleich aufgestanden und habe mich gemeldet. Das war der 8. November. So kam ich schon am 3. Tag meiner Flucht nach Krumbach, zum Gutshof in M\u00f6ltern und zu einer Arbeit.&#8221;<br \/>\nAlexander Horvath blieb in Krumbach, gr\u00fcndete eine Familie und fand dort eine neue Heimat. Besonders litt er aber darunter, dass er jahrelang keinen Kontakt zu seiner zur\u00fcckgebliebenen Familie in Hegyk\u00f6 aufnehmen konnte und diese erst nach Jahrzehnten wiedertraf. (Privatarchiv Martin Steiner, Pamhagen)<\/p>\n<\/div><div class=\"fusion-clearfix\"><\/div><\/div><\/div><\/div><\/div>\n","protected":false},"excerpt":{"rendered":"<p>Der ungarische Volksaufstand gegen die kommunistische Herrschaft wurde im November 1956 brutal niedergeschlagen. Zahlreiche Aufst\u00e4ndische, Verfolgte oder Entt\u00e4uschte flohen in den n\u00e4chsten Wochen \u00fcber \u00d6sterreich in die Freiheit. <\/p>\n","protected":false},"author":3,"featured_media":1144,"comment_status":"open","ping_status":"open","sticky":false,"template":"","format":"standard","meta":{"footnotes":""},"categories":[278,95],"tags":[68],"class_list":["post-1143","post","type-post","status-publish","format-standard","has-post-thumbnail","hentry","category-278","category-nach-1955-politik","tag-pamhagen"],"_links":{"self":[{"href":"https:\/\/www.brettl.at\/blog\/wp-json\/wp\/v2\/posts\/1143","targetHints":{"allow":["GET"]}}],"collection":[{"href":"https:\/\/www.brettl.at\/blog\/wp-json\/wp\/v2\/posts"}],"about":[{"href":"https:\/\/www.brettl.at\/blog\/wp-json\/wp\/v2\/types\/post"}],"author":[{"embeddable":true,"href":"https:\/\/www.brettl.at\/blog\/wp-json\/wp\/v2\/users\/3"}],"replies":[{"embeddable":true,"href":"https:\/\/www.brettl.at\/blog\/wp-json\/wp\/v2\/comments?post=1143"}],"version-history":[{"count":5,"href":"https:\/\/www.brettl.at\/blog\/wp-json\/wp\/v2\/posts\/1143\/revisions"}],"predecessor-version":[{"id":4426,"href":"https:\/\/www.brettl.at\/blog\/wp-json\/wp\/v2\/posts\/1143\/revisions\/4426"}],"wp:featuredmedia":[{"embeddable":true,"href":"https:\/\/www.brettl.at\/blog\/wp-json\/wp\/v2\/media\/1144"}],"wp:attachment":[{"href":"https:\/\/www.brettl.at\/blog\/wp-json\/wp\/v2\/media?parent=1143"}],"wp:term":[{"taxonomy":"category","embeddable":true,"href":"https:\/\/www.brettl.at\/blog\/wp-json\/wp\/v2\/categories?post=1143"},{"taxonomy":"post_tag","embeddable":true,"href":"https:\/\/www.brettl.at\/blog\/wp-json\/wp\/v2\/tags?post=1143"}],"curies":[{"name":"wp","href":"https:\/\/api.w.org\/{rel}","templated":true}]}}