{"id":1155,"date":"2016-10-31T08:51:48","date_gmt":"2016-10-31T07:51:48","guid":{"rendered":"http:\/\/www.brettl.at\/blog\/?p=1155"},"modified":"2024-09-02T16:53:48","modified_gmt":"2024-09-02T14:53:48","slug":"bulgaren-als-lehrmeister-im-gemueseanbau-teil-2","status":"publish","type":"post","link":"https:\/\/www.brettl.at\/blog\/bulgaren-als-lehrmeister-im-gemueseanbau-teil-2\/","title":{"rendered":"Bulgaren als Lehrmeister im Gem\u00fcseanbau (Teil 2)"},"content":{"rendered":"<div class=\"fusion-fullwidth fullwidth-box fusion-builder-row-1 nonhundred-percent-fullwidth non-hundred-percent-height-scrolling\" style=\"--awb-background-position:left top;--awb-border-sizes-top:0px;--awb-border-sizes-bottom:0px;--awb-border-sizes-left:0px;--awb-border-sizes-right:0px;--awb-border-radius-top-left:0px;--awb-border-radius-top-right:0px;--awb-border-radius-bottom-right:0px;--awb-border-radius-bottom-left:0px;--awb-padding-top:20px;--awb-padding-right:0px;--awb-padding-bottom:20px;--awb-padding-left:0px;--awb-flex-wrap:wrap;\" ><div class=\"fusion-builder-row fusion-row\"><div class=\"fusion-layout-column fusion_builder_column fusion-builder-column-0 fusion_builder_column_1_1 1_1 fusion-one-full fusion-column-first fusion-column-last fusion-column-no-min-height\" style=\"--awb-bg-size:cover;--awb-margin-bottom:0px;\"><div class=\"fusion-column-wrapper fusion-flex-column-wrapper-legacy\"><div class=\"fusion-text fusion-text-1\"><p><span style=\"font-family: 'Verdana',sans-serif;\"><span style=\"color: #000000;\">Die Gemeinden Wallern, Tadten, St. Andr\u00e4 oder Andau gelten als Gem\u00fcsezentren \u00d6sterreichs. Die Anf\u00e4nge des Gem\u00fcsebaues liegen in den 1950er Jahren, wobei insbesondere kleinere landwirtschaftliche Betriebe sich mit dem neuen Wirtschaftszweig besch\u00e4ftigten. Ihre Lehrmeister waren Bulgaren, die als Kriegsfl\u00fcchtlinge nach \u00d6sterreich gekommen waren und das Burgenland als geeignetes Anbauland f\u00fcr Gem\u00fcse entdeckt hatten. Sie pachteten Ackerfl\u00e4chen, brachten neue Gem\u00fcsesorten, neue Anbautechniken und die Bew\u00e4sserungswirtschaft mit ins Land und legten so den Grundstein f\u00fcr die Entstehung der Gem\u00fcsezentren, da sich die \u00f6rtlichen Kleinbauern bald so manches von den \u201eBulgareng\u00e4rtnern\u201c abschauten.<br \/>\n<a href=\"http:\/\/www.brettl.at\/wp-content\/uploads\/2016\/10\/paprika2.jpg\"><img decoding=\"async\" class=\"alignleft size-medium wp-image-1154\" src=\"http:\/\/www.brettl.at\/wp-content\/uploads\/2016\/10\/paprika2-300x180.jpg\" alt=\"Gem\u00fcsebau\" width=\"300\" height=\"180\" srcset=\"https:\/\/www.brettl.at\/wp-content\/uploads\/2016\/10\/paprika2-300x180.jpg 300w, https:\/\/www.brettl.at\/wp-content\/uploads\/2016\/10\/paprika2.jpg 640w\" sizes=\"(max-width: 300px) 100vw, 300px\" \/><\/a><\/span><\/span><span style=\"font-family: 'Verdana',sans-serif;\"><span style=\"color: #000000;\">Unter anderen lebte in Kittsee der bulgarische G\u00e4rtner Pantscho Atanasoff, der 1950 um eine Aufenthaltsgenehmigung bei der Bezirkshauptmannschaft Neusiedl am See ansuchte:<br \/>\n<\/span><\/span><span style=\"font-family: 'Verdana',sans-serif;\"><span style=\"color: #000000;\">\u201eGefertigter Pentscho Atanassoff, geb. am, 11.11.1919 in Russe, ledig, G\u00e4rtner, wohnhaft in Kittsee Nr. 229, ersuche h\u00f6fl. Um die Erteilung der Aufenthaltsbewilligung b.a.w. und begr\u00fcnde mein Ansuchen wie folgt: Ich bin seit September 1948 in \u00d6sterreich und seit 2. J\u00e4nner 1949 in Kittsee wohnhaft und betreibe hier einen G\u00e4rtnereibetrieb im Aussmasse von 4,5 Kat.-Joch Ackergrund. Ich habe in Kittsee Nr. 229 eine Wohnung und versichere, dass ich aus dem Ertrage meines G\u00e4rtnereibetriebes meinen Lebensunterhalt zu fristen in der Lage bin, daher ich um die Erteilung der Aufenthaltsbewilligung b.a.w. h\u00f6fl. Ersuche. Ich bin im Besitze einer vorl\u00e4ufigen Aufenthaltserlaubnis der Polizeidirektion Wien vom 24. Sept. 1948.<br \/>\n<\/span><\/span><span style=\"font-family: 'Verdana',sans-serif;\"><span style=\"color: #000000;\">Hochachtungsvoll P. Atanasoff<br \/>\n<\/span><\/span><span style=\"font-family: 'Verdana',sans-serif;\"><span style=\"color: #000000;\">(BLA Reg. Archiv. Umsiedlung XII\/1950. 201-300. XII-U-257-50)<br \/>\n<\/span><\/span><span style=\"font-family: 'Verdana',sans-serif;\"><span style=\"color: #000000;\">Das Ansuchen wurde von der Gemeinde positiv beurteilt. Es ist nicht bekannt, ob sich die Bezirkshauptmannschaft diesem Antrag anschloss. <\/span><\/span><\/p>\n<\/div><div class=\"fusion-clearfix\"><\/div><\/div><\/div><\/div><\/div>\n","protected":false},"excerpt":{"rendered":"<p>Die Anf\u00e4nge des Gem\u00fcsebaues liegen in den 1950er Jahren, wobei insbesondere kleinere landwirtschaftliche Betriebe sich mit dem neuen Wirtschaftszweig besch\u00e4ftigten. Ihre Lehrmeister waren Bulgaren, die das Burgenland als geeignetes Anbauland f\u00fcr Gem\u00fcse entdeckt hatten. <\/p>\n","protected":false},"author":3,"featured_media":1154,"comment_status":"open","ping_status":"open","sticky":false,"template":"","format":"standard","meta":{"footnotes":""},"categories":[278,17],"tags":[135],"class_list":["post-1155","post","type-post","status-publish","format-standard","has-post-thumbnail","hentry","category-278","category-landwirtschaft","tag-kittsee"],"_links":{"self":[{"href":"https:\/\/www.brettl.at\/blog\/wp-json\/wp\/v2\/posts\/1155","targetHints":{"allow":["GET"]}}],"collection":[{"href":"https:\/\/www.brettl.at\/blog\/wp-json\/wp\/v2\/posts"}],"about":[{"href":"https:\/\/www.brettl.at\/blog\/wp-json\/wp\/v2\/types\/post"}],"author":[{"embeddable":true,"href":"https:\/\/www.brettl.at\/blog\/wp-json\/wp\/v2\/users\/3"}],"replies":[{"embeddable":true,"href":"https:\/\/www.brettl.at\/blog\/wp-json\/wp\/v2\/comments?post=1155"}],"version-history":[{"count":5,"href":"https:\/\/www.brettl.at\/blog\/wp-json\/wp\/v2\/posts\/1155\/revisions"}],"predecessor-version":[{"id":4456,"href":"https:\/\/www.brettl.at\/blog\/wp-json\/wp\/v2\/posts\/1155\/revisions\/4456"}],"wp:featuredmedia":[{"embeddable":true,"href":"https:\/\/www.brettl.at\/blog\/wp-json\/wp\/v2\/media\/1154"}],"wp:attachment":[{"href":"https:\/\/www.brettl.at\/blog\/wp-json\/wp\/v2\/media?parent=1155"}],"wp:term":[{"taxonomy":"category","embeddable":true,"href":"https:\/\/www.brettl.at\/blog\/wp-json\/wp\/v2\/categories?post=1155"},{"taxonomy":"post_tag","embeddable":true,"href":"https:\/\/www.brettl.at\/blog\/wp-json\/wp\/v2\/tags?post=1155"}],"curies":[{"name":"wp","href":"https:\/\/api.w.org\/{rel}","templated":true}]}}