{"id":1386,"date":"2016-12-09T08:15:08","date_gmt":"2016-12-09T07:15:08","guid":{"rendered":"http:\/\/www.brettl.at\/blog\/?p=1386"},"modified":"2024-09-02T16:53:00","modified_gmt":"2024-09-02T14:53:00","slug":"anarchie-nach-kriegsende","status":"publish","type":"post","link":"https:\/\/www.brettl.at\/blog\/anarchie-nach-kriegsende\/","title":{"rendered":"Anarchie nach Kriegsende"},"content":{"rendered":"<div class=\"fusion-fullwidth fullwidth-box fusion-builder-row-1 nonhundred-percent-fullwidth non-hundred-percent-height-scrolling\" style=\"--awb-border-radius-top-left:0px;--awb-border-radius-top-right:0px;--awb-border-radius-bottom-right:0px;--awb-border-radius-bottom-left:0px;--awb-flex-wrap:wrap;\" ><div class=\"fusion-builder-row fusion-row\"><div class=\"fusion-layout-column fusion_builder_column fusion-builder-column-0 fusion_builder_column_1_1 1_1 fusion-one-full fusion-column-first fusion-column-last\" style=\"--awb-bg-size:cover;--awb-margin-bottom:0px;\"><div class=\"fusion-column-wrapper fusion-flex-column-wrapper-legacy\"><div class=\"fusion-text fusion-text-1\"><p>Das Kriegsgefangenenlager Frauenkirchen\/Boldogasszony, in dem bis zu 30.000 Gefangene interniert waren, d\u00fcrfte bereits Anfang November 1918 nicht mehr unter der Kontrolle des Milit\u00e4rs gewesen sein. Das verwaiste Lager stellte f\u00fcr die umliegende Bev\u00f6lkerung einen gro\u00dfen Wert dar. Es kam zu Pl\u00fcnderungen von noch vorhandenen Vorr\u00e4ten, von Baumaterialien oder anderen verwertbaren Werkstoffen und Werkzeugen. Die anarchischen Zust\u00e4nde konnten nur mit Waffengewalt und durch die Nationalgarde bek\u00e4mpft werden.<\/p>\n<div id=\"attachment_1387\" style=\"width: 310px\" class=\"wp-caption alignleft\"><a href=\"http:\/\/www.brettl.at\/wp-content\/uploads\/2016\/12\/Relikte2.jpg\"><img decoding=\"async\" aria-describedby=\"caption-attachment-1387\" class=\"size-medium wp-image-1387\" src=\"http:\/\/www.brettl.at\/wp-content\/uploads\/2016\/12\/Relikte2-300x179.jpg\" alt=\"Relikte\" width=\"300\" height=\"179\" srcset=\"https:\/\/www.brettl.at\/wp-content\/uploads\/2016\/12\/Relikte2-200x119.jpg 200w, https:\/\/www.brettl.at\/wp-content\/uploads\/2016\/12\/Relikte2-300x179.jpg 300w, https:\/\/www.brettl.at\/wp-content\/uploads\/2016\/12\/Relikte2-400x238.jpg 400w, https:\/\/www.brettl.at\/wp-content\/uploads\/2016\/12\/Relikte2-600x357.jpg 600w, https:\/\/www.brettl.at\/wp-content\/uploads\/2016\/12\/Relikte2-768x457.jpg 768w, https:\/\/www.brettl.at\/wp-content\/uploads\/2016\/12\/Relikte2.jpg 800w\" sizes=\"(max-width: 300px) 100vw, 300px\" \/><\/a><p id=\"caption-attachment-1387\" class=\"wp-caption-text\">Die Relikte des ehemaligen Lagers<\/p><\/div>\n<p>So berichtete die Zeitung \u201eGrenzpost\u201c am 17. J\u00e4nner 1919: \u201eIn dem Gefangenenlager sowie in der Gemeinde selbst wurde in der letzten Zeit gepl\u00fcndert. An den Pl\u00fcnderungen nahmen au\u00dfer dem gew\u00f6hnlichen arbeitsscheuen Gesindel auch einige hiesige B\u00fcrgersleute, Landwirte aus der Umgebung teil. Besonders die Hehler bestanden aus obigen Elementen. Das mit dem Panzerzug herbeigebrachte Milit\u00e4r hat nun die Ordnung wiederhergestellt.\u201c (Grenzpost am 17.1.1919. S.4)<\/p>\n<\/div><div class=\"fusion-clearfix\"><\/div><\/div><\/div><\/div><\/div>\n","protected":false},"excerpt":{"rendered":"<p>Das Kriegsgefangenenlager Frauenkirchen\/Boldogasszony, in dem bis zu 30.000 Gefangene interniert waren, d\u00fcrfte bereits Anfang November 1918 nicht mehr unter der Kontrolle des Milit\u00e4rs gewesen sein. <\/p>\n","protected":false},"author":3,"featured_media":1387,"comment_status":"open","ping_status":"open","sticky":false,"template":"","format":"standard","meta":{"footnotes":""},"categories":[278,21],"tags":[25],"class_list":["post-1386","post","type-post","status-publish","format-standard","has-post-thumbnail","hentry","category-278","category-i-weltkrieg","tag-frauenkirchen"],"_links":{"self":[{"href":"https:\/\/www.brettl.at\/blog\/wp-json\/wp\/v2\/posts\/1386","targetHints":{"allow":["GET"]}}],"collection":[{"href":"https:\/\/www.brettl.at\/blog\/wp-json\/wp\/v2\/posts"}],"about":[{"href":"https:\/\/www.brettl.at\/blog\/wp-json\/wp\/v2\/types\/post"}],"author":[{"embeddable":true,"href":"https:\/\/www.brettl.at\/blog\/wp-json\/wp\/v2\/users\/3"}],"replies":[{"embeddable":true,"href":"https:\/\/www.brettl.at\/blog\/wp-json\/wp\/v2\/comments?post=1386"}],"version-history":[{"count":3,"href":"https:\/\/www.brettl.at\/blog\/wp-json\/wp\/v2\/posts\/1386\/revisions"}],"predecessor-version":[{"id":4448,"href":"https:\/\/www.brettl.at\/blog\/wp-json\/wp\/v2\/posts\/1386\/revisions\/4448"}],"wp:featuredmedia":[{"embeddable":true,"href":"https:\/\/www.brettl.at\/blog\/wp-json\/wp\/v2\/media\/1387"}],"wp:attachment":[{"href":"https:\/\/www.brettl.at\/blog\/wp-json\/wp\/v2\/media?parent=1386"}],"wp:term":[{"taxonomy":"category","embeddable":true,"href":"https:\/\/www.brettl.at\/blog\/wp-json\/wp\/v2\/categories?post=1386"},{"taxonomy":"post_tag","embeddable":true,"href":"https:\/\/www.brettl.at\/blog\/wp-json\/wp\/v2\/tags?post=1386"}],"curies":[{"name":"wp","href":"https:\/\/api.w.org\/{rel}","templated":true}]}}