{"id":1398,"date":"2016-12-18T08:54:02","date_gmt":"2016-12-18T07:54:02","guid":{"rendered":"http:\/\/www.brettl.at\/blog\/?p=1398"},"modified":"2024-09-02T16:52:49","modified_gmt":"2024-09-02T14:52:49","slug":"der-tauschhandel-ueberwiegt","status":"publish","type":"post","link":"https:\/\/www.brettl.at\/blog\/der-tauschhandel-ueberwiegt\/","title":{"rendered":"Der Tauschhandel \u00fcberwiegt"},"content":{"rendered":"<div class=\"fusion-fullwidth fullwidth-box fusion-builder-row-1 nonhundred-percent-fullwidth non-hundred-percent-height-scrolling\" style=\"--awb-border-radius-top-left:0px;--awb-border-radius-top-right:0px;--awb-border-radius-bottom-right:0px;--awb-border-radius-bottom-left:0px;--awb-flex-wrap:wrap;\" ><div class=\"fusion-builder-row fusion-row\"><div class=\"fusion-layout-column fusion_builder_column fusion-builder-column-0 fusion_builder_column_1_1 1_1 fusion-one-full fusion-column-first fusion-column-last\" style=\"--awb-bg-size:cover;--awb-margin-bottom:0px;\"><div class=\"fusion-column-wrapper fusion-flex-column-wrapper-legacy\"><div class=\"fusion-text fusion-text-1\"><p>In den ersten Nachkriegsmonaten waren die Versorgung und die Sicherheitslage im Burgenland \u00e4u\u00dferst problematisch. Die Ernte des Vorjahres war sehr schlecht ausgefallen, wertvolles Ackerland durch die Anlage des \u201eS\u00fcdostwalles\u201c zerst\u00f6rt und die Fr\u00fchjahrsarbeiten konnten wegen des Einmarsches der Roten Armee nicht durchgef\u00fchrt werden. Die Pl\u00fcnderungen im Burgenland hatten wesentlich gr\u00f6\u00dfere Auswirkungen als in allen anderen Bundesl\u00e4ndern. Das Burgenland blieb von Hilfslieferungen weitgehend abgeschnitten und auf sich alleine gestellt.<br \/>\n<a href=\"http:\/\/www.brettl.at\/wp-content\/uploads\/2016\/12\/100-Marz-2-Situiation-1945-Kopie.jpg\"><img decoding=\"async\" class=\"alignleft size-medium wp-image-1399\" src=\"http:\/\/www.brettl.at\/wp-content\/uploads\/2016\/12\/100-Marz-2-Situiation-1945-Kopie-300x85.jpg\" alt=\"Marz\" width=\"300\" height=\"85\" srcset=\"https:\/\/www.brettl.at\/wp-content\/uploads\/2016\/12\/100-Marz-2-Situiation-1945-Kopie-200x57.jpg 200w, https:\/\/www.brettl.at\/wp-content\/uploads\/2016\/12\/100-Marz-2-Situiation-1945-Kopie-300x85.jpg 300w, https:\/\/www.brettl.at\/wp-content\/uploads\/2016\/12\/100-Marz-2-Situiation-1945-Kopie-400x113.jpg 400w, https:\/\/www.brettl.at\/wp-content\/uploads\/2016\/12\/100-Marz-2-Situiation-1945-Kopie-600x170.jpg 600w, https:\/\/www.brettl.at\/wp-content\/uploads\/2016\/12\/100-Marz-2-Situiation-1945-Kopie-768x217.jpg 768w, https:\/\/www.brettl.at\/wp-content\/uploads\/2016\/12\/100-Marz-2-Situiation-1945-Kopie.jpg 789w\" sizes=\"(max-width: 300px) 100vw, 300px\" \/><\/a>Ein Bericht der Gemeinde Marz verdeutlicht dies:<br \/>\n\u201eSituationsbericht vom 1. Bis 7. Juli 1945<br \/>\n1) Allgemeine politische Lage: Immer noch ungekl\u00e4rt. Die Bev\u00f6lkerung ist durch die immer wieder vorkommenden und versuchten Pl\u00fcnderungen von Geh\u00f6ften durch fremdl\u00e4ndische Personen stark beunruhigt. [\u2026]\n2) Wirtschaftliche Lage: Sehr gespannt. Lebensmittelverteilungen an die Nichtselbstversorger fanden schon lange nicht statt. Besonders mangelt es an Mehl, Zucker, Essig. Auch die Brennholzfrage ist sehr gespannt, was dadurch zu erkl\u00e4ren ist, dass grosse Mengen Scheitholz aus den F\u00fcrstl. Esterh\u00e1zischen W\u00e4ldern entwendet wurde. Diesbez\u00fcglich wurde eine Frist bis 10. Juli 1945 gegeben und wird nachher mit Hausdurchsuchungen eingesetzt werden [sic!]. Die Ernteaussichten sind, falls das Wetter angemessen sch\u00f6n bleibt g\u00fcnstig. An den Weintraubenbest\u00e4nden und an Obst wird aber schon jetzt durch Fl\u00fcchtlinge und R\u00fcckwanderer etc. viel Schaden angerichtet. Verkauft wird meistens nur im Tauschwege. Dies ist auch von und nach Ungarn der Fall.<br \/>\n3) Soziale Fragen: Handel und Verkehr liegen noch arg darnieder. Post und Eisenbahn funktionieren in bescheidenem Umfang. Baut\u00e4tigkeit ist magels [sic!] von Geld und Material ganz minimal.<br \/>\nLandwirtschaft leidet an Futternot, da viel Heu durch Kriegsereignisse zugrunde ging.<br \/>\nDie \u00e4rmere Bev\u00f6lkerung findet teilweise Verdienst bei Landwirten\u201c (800 Jahre Marz. 1202-2002. Mattersburg 2002. S. 209)<\/p>\n<\/div><div class=\"fusion-clearfix\"><\/div><\/div><\/div><\/div><\/div>\n","protected":false},"excerpt":{"rendered":"<p>In den ersten Nachkriegsmonaten waren die Versorgung und die Sicherheitslage im Burgenland \u00e4u\u00dferst problematisch. Die Ernte des Vorjahres war sehr schlecht ausgefallen, &#8230;<\/p>\n","protected":false},"author":3,"featured_media":1399,"comment_status":"open","ping_status":"open","sticky":false,"template":"","format":"standard","meta":{"footnotes":""},"categories":[278,69],"tags":[103],"class_list":["post-1398","post","type-post","status-publish","format-standard","has-post-thumbnail","hentry","category-278","category-besatzungszeit","tag-marz"],"_links":{"self":[{"href":"https:\/\/www.brettl.at\/blog\/wp-json\/wp\/v2\/posts\/1398","targetHints":{"allow":["GET"]}}],"collection":[{"href":"https:\/\/www.brettl.at\/blog\/wp-json\/wp\/v2\/posts"}],"about":[{"href":"https:\/\/www.brettl.at\/blog\/wp-json\/wp\/v2\/types\/post"}],"author":[{"embeddable":true,"href":"https:\/\/www.brettl.at\/blog\/wp-json\/wp\/v2\/users\/3"}],"replies":[{"embeddable":true,"href":"https:\/\/www.brettl.at\/blog\/wp-json\/wp\/v2\/comments?post=1398"}],"version-history":[{"count":5,"href":"https:\/\/www.brettl.at\/blog\/wp-json\/wp\/v2\/posts\/1398\/revisions"}],"predecessor-version":[{"id":4446,"href":"https:\/\/www.brettl.at\/blog\/wp-json\/wp\/v2\/posts\/1398\/revisions\/4446"}],"wp:featuredmedia":[{"embeddable":true,"href":"https:\/\/www.brettl.at\/blog\/wp-json\/wp\/v2\/media\/1399"}],"wp:attachment":[{"href":"https:\/\/www.brettl.at\/blog\/wp-json\/wp\/v2\/media?parent=1398"}],"wp:term":[{"taxonomy":"category","embeddable":true,"href":"https:\/\/www.brettl.at\/blog\/wp-json\/wp\/v2\/categories?post=1398"},{"taxonomy":"post_tag","embeddable":true,"href":"https:\/\/www.brettl.at\/blog\/wp-json\/wp\/v2\/tags?post=1398"}],"curies":[{"name":"wp","href":"https:\/\/api.w.org\/{rel}","templated":true}]}}