{"id":1411,"date":"2016-12-28T09:04:33","date_gmt":"2016-12-28T08:04:33","guid":{"rendered":"http:\/\/www.brettl.at\/blog\/?p=1411"},"modified":"2024-09-02T16:54:44","modified_gmt":"2024-09-02T14:54:44","slug":"keine-unterstuetzung-fuer-roma","status":"publish","type":"post","link":"https:\/\/www.brettl.at\/blog\/keine-unterstuetzung-fuer-roma\/","title":{"rendered":"Keine Unterst\u00fctzung f\u00fcr Roma"},"content":{"rendered":"<div class=\"fusion-fullwidth fullwidth-box fusion-builder-row-1 nonhundred-percent-fullwidth non-hundred-percent-height-scrolling\" style=\"--awb-border-radius-top-left:0px;--awb-border-radius-top-right:0px;--awb-border-radius-bottom-right:0px;--awb-border-radius-bottom-left:0px;--awb-flex-wrap:wrap;\" ><div class=\"fusion-builder-row fusion-row\"><div class=\"fusion-layout-column fusion_builder_column fusion-builder-column-0 fusion_builder_column_1_1 1_1 fusion-one-full fusion-column-first fusion-column-last\" style=\"--awb-bg-size:cover;--awb-margin-bottom:0px;\"><div class=\"fusion-column-wrapper fusion-flex-column-wrapper-legacy\"><div class=\"fusion-text fusion-text-1\"><p>Nur etwa zehn Prozent der Burgenland-Roma \u00fcberlebten den Holocaust. Nach 1945 wurden ihnen \u00e4hnliche Vorbehalte wie bereits vor dem Krieg von der Bev\u00f6lkerung entgegengebracht. Die Anerkennung als Opfer der rassistischen NS-Verfolgung und die damit verbundenen finanziellen Entsch\u00e4digungen blieben den Roma lange Zeit versagt.<\/p>\n<div id=\"attachment_1417\" style=\"width: 310px\" class=\"wp-caption alignleft\"><a href=\"http:\/\/www.brettl.at\/wp-content\/uploads\/2016\/12\/St.-margarethen-1.jpg\"><img decoding=\"async\" aria-describedby=\"caption-attachment-1417\" class=\"size-medium wp-image-1417\" src=\"http:\/\/www.brettl.at\/wp-content\/uploads\/2016\/12\/St.-margarethen-1-300x279.jpg\" alt=\"Roma in St. Margarethen\" width=\"300\" height=\"279\" srcset=\"https:\/\/www.brettl.at\/wp-content\/uploads\/2016\/12\/St.-margarethen-1-200x186.jpg 200w, https:\/\/www.brettl.at\/wp-content\/uploads\/2016\/12\/St.-margarethen-1-300x279.jpg 300w, https:\/\/www.brettl.at\/wp-content\/uploads\/2016\/12\/St.-margarethen-1-400x372.jpg 400w, https:\/\/www.brettl.at\/wp-content\/uploads\/2016\/12\/St.-margarethen-1-600x558.jpg 600w, https:\/\/www.brettl.at\/wp-content\/uploads\/2016\/12\/St.-margarethen-1-768x714.jpg 768w, https:\/\/www.brettl.at\/wp-content\/uploads\/2016\/12\/St.-margarethen-1-800x744.jpg 800w, https:\/\/www.brettl.at\/wp-content\/uploads\/2016\/12\/St.-margarethen-1.jpg 941w\" sizes=\"(max-width: 300px) 100vw, 300px\" \/><\/a><p id=\"caption-attachment-1417\" class=\"wp-caption-text\">Roma in St. Margarethen um 1930.<\/p><\/div>\n<p>Der B\u00fcrgermeister aus St. Margarethen an die burgenl\u00e4ndische Landesregierung am 23. Juni 1951:<br \/>\n\u201e[\u2026] Die o.a. Elisabeth Horvath lebt seit 1946 mit ihren Lebensgef. Franz Horvath geb. 1904 in St. Margarethen. Sie selbst ist angeblich am 28.4.1917 in Walbersdorf geboren und nach Mattersburg zust\u00e4ndig. Von ihrem ersten Lebensgef. k\u00f6nnen wir nichts best\u00e4tigen, da er lt. ihren Angaben aus Siegendorf stammt. [\u2026] Obgenannte ist erst 1946 nach St. Margarethen ohne Erlaubnis zugezogen und lebt seither mit einem hiesigen Zigeuner Franz Horvath.<br \/>\nAls Unterst\u00fctzungsw\u00fcrdig ist sie nicht anzusehen, da die Zigeuner als arbeitsscheu allgemein bekannt sind. Ausserdem ist die Obgenannte mit Urteil vom 28.11.1949 wegen \u00a7 171, 174 II (VrD) mit 1 Monat Kerker vorbestraft. Kinder hat sie keine.\u201c<br \/>\nDer B\u00fcrgermeister.<br \/>\nEin weiteres Ansuchen um finanzielle Unterst\u00fctzung lehnte die Gemeinde am 27.Juli.1957 mit folgender Begr\u00fcndung ab: \u201eEine Unterst\u00fctzung derselben aus \u00f6ffentlichen Mitteln w\u00fcrde nur den Unmut der Bev\u00f6lkerung erregen\u201c.<br \/>\n(Sammlung Brettl, Halbturn)<\/p>\n<p>&nbsp;<\/p>\n<\/div><div class=\"fusion-clearfix\"><\/div><\/div><\/div><\/div><\/div>\n","protected":false},"excerpt":{"rendered":"<p>Nur etwa zehn Prozent der Burgenland-Roma \u00fcberlebten den Holocaust. Nach 1945 wurden ihnen \u00e4hnliche Vorbehalte wie bereits vor dem Krieg von der Bev\u00f6lkerung entgegengebracht. <\/p>\n","protected":false},"author":3,"featured_media":1412,"comment_status":"open","ping_status":"open","sticky":false,"template":"","format":"standard","meta":{"footnotes":""},"categories":[279,49],"tags":[86],"class_list":["post-1411","post","type-post","status-publish","format-standard","has-post-thumbnail","hentry","category-279","category-roma","tag-st-margarethen"],"_links":{"self":[{"href":"https:\/\/www.brettl.at\/blog\/wp-json\/wp\/v2\/posts\/1411","targetHints":{"allow":["GET"]}}],"collection":[{"href":"https:\/\/www.brettl.at\/blog\/wp-json\/wp\/v2\/posts"}],"about":[{"href":"https:\/\/www.brettl.at\/blog\/wp-json\/wp\/v2\/types\/post"}],"author":[{"embeddable":true,"href":"https:\/\/www.brettl.at\/blog\/wp-json\/wp\/v2\/users\/3"}],"replies":[{"embeddable":true,"href":"https:\/\/www.brettl.at\/blog\/wp-json\/wp\/v2\/comments?post=1411"}],"version-history":[{"count":5,"href":"https:\/\/www.brettl.at\/blog\/wp-json\/wp\/v2\/posts\/1411\/revisions"}],"predecessor-version":[{"id":4459,"href":"https:\/\/www.brettl.at\/blog\/wp-json\/wp\/v2\/posts\/1411\/revisions\/4459"}],"wp:featuredmedia":[{"embeddable":true,"href":"https:\/\/www.brettl.at\/blog\/wp-json\/wp\/v2\/media\/1412"}],"wp:attachment":[{"href":"https:\/\/www.brettl.at\/blog\/wp-json\/wp\/v2\/media?parent=1411"}],"wp:term":[{"taxonomy":"category","embeddable":true,"href":"https:\/\/www.brettl.at\/blog\/wp-json\/wp\/v2\/categories?post=1411"},{"taxonomy":"post_tag","embeddable":true,"href":"https:\/\/www.brettl.at\/blog\/wp-json\/wp\/v2\/tags?post=1411"}],"curies":[{"name":"wp","href":"https:\/\/api.w.org\/{rel}","templated":true}]}}