{"id":1524,"date":"2017-03-26T07:35:04","date_gmt":"2017-03-26T05:35:04","guid":{"rendered":"http:\/\/www.brettl.at\/blog\/?p=1524"},"modified":"2024-09-02T16:57:22","modified_gmt":"2024-09-02T14:57:22","slug":"burgenlaendische-gastarbeiter-in-der-tuerkei","status":"publish","type":"post","link":"https:\/\/www.brettl.at\/blog\/burgenlaendische-gastarbeiter-in-der-tuerkei\/","title":{"rendered":"Burgenl\u00e4ndische Gastarbeiter in der T\u00fcrkei"},"content":{"rendered":"<div class=\"fusion-fullwidth fullwidth-box fusion-builder-row-1 fusion-flex-container nonhundred-percent-fullwidth non-hundred-percent-height-scrolling\" style=\"--awb-border-radius-top-left:0px;--awb-border-radius-top-right:0px;--awb-border-radius-bottom-right:0px;--awb-border-radius-bottom-left:0px;--awb-flex-wrap:wrap;\" ><div class=\"fusion-builder-row fusion-row fusion-flex-align-items-flex-start fusion-flex-content-wrap\" style=\"max-width:1100.32px;margin-left: calc(-4% \/ 2 );margin-right: calc(-4% \/ 2 );\"><div class=\"fusion-layout-column fusion_builder_column fusion-builder-column-0 fusion_builder_column_1_1 1_1 fusion-flex-column\" style=\"--awb-bg-size:cover;--awb-width-large:100%;--awb-margin-top-large:0px;--awb-spacing-right-large:1.92%;--awb-margin-bottom-large:0px;--awb-spacing-left-large:1.92%;--awb-width-medium:100%;--awb-spacing-right-medium:1.92%;--awb-spacing-left-medium:1.92%;--awb-width-small:100%;--awb-spacing-right-small:1.92%;--awb-spacing-left-small:1.92%;\"><div class=\"fusion-column-wrapper fusion-flex-justify-content-flex-start fusion-content-layout-column\"><div class=\"fusion-text fusion-text-1\"><p>In den 1960er Jahren begann eine Gastarbeiterbewegung aus der T\u00fcrkei nach \u00d6sterreich. So manche t\u00fcrkische Arbeitskraft verschlug es auch ins Burgenland. In der Zwischenkriegszeit, als es im Burgenland eine hohe Arbeitslosigkeit gab, wanderten auch Burgenl\u00e4nder in die T\u00fcrkei, um Arbeit zu finden. So berichtet die \u201eBurgenl\u00e4ndische Heimat\u201c am 26. April 1929:<br \/>\n<a href=\"http:\/\/www.brettl.at\/wp-content\/uploads\/2017\/03\/zug.jpg\"><img decoding=\"async\" class=\"alignleft size-medium wp-image-1526\" src=\"http:\/\/www.brettl.at\/wp-content\/uploads\/2017\/03\/zug-300x185.jpg\" alt=\"zug\" width=\"300\" height=\"185\" srcset=\"https:\/\/www.brettl.at\/wp-content\/uploads\/2017\/03\/zug-200x124.jpg 200w, https:\/\/www.brettl.at\/wp-content\/uploads\/2017\/03\/zug-300x185.jpg 300w, https:\/\/www.brettl.at\/wp-content\/uploads\/2017\/03\/zug-400x247.jpg 400w, https:\/\/www.brettl.at\/wp-content\/uploads\/2017\/03\/zug-600x371.jpg 600w, https:\/\/www.brettl.at\/wp-content\/uploads\/2017\/03\/zug-768x475.jpg 768w, https:\/\/www.brettl.at\/wp-content\/uploads\/2017\/03\/zug.jpg 772w\" sizes=\"(max-width: 300px) 100vw, 300px\" \/><\/a>\u201eVor einigen Tagen reisten zirka 30 Burgenl\u00e4nder, durchwegs Bauarbeiter aus Gro\u00dfpetersdorf, nach Angora (Ankara) in die T\u00fcrkei. Die Arbeitsvermittlung erfolgte durch das Wanderungsamt des Bundeskanzleramtes in Wien. Nach Mitteilung einiger Personen wird ein Teil der Arbeiter 20 Kilometer au\u00dferhalb Angoras bei Errichtung von Milit\u00e4robjekten Verwendung finden.\u201c<br \/>\n(Burgenl\u00e4ndische Heimat vom 26. April 1929)<\/p>\n<\/div><\/div><\/div><\/div><\/div>\n","protected":false},"excerpt":{"rendered":"<p>In den 1960er Jahren begann eine Gastarbeiterbewegung aus der T\u00fcrkei nach \u00d6sterreich. So manche t\u00fcrkische Arbeitskraft verschlug es auch ins Burgenland. <\/p>\n","protected":false},"author":3,"featured_media":1526,"comment_status":"open","ping_status":"open","sticky":false,"template":"","format":"standard","meta":{"footnotes":""},"categories":[279,61,20],"tags":[120],"class_list":["post-1524","post","type-post","status-publish","format-standard","has-post-thumbnail","hentry","category-279","category-wirtschaft","category-zwischenkriegszeit","tag-grosspetersdorf"],"_links":{"self":[{"href":"https:\/\/www.brettl.at\/blog\/wp-json\/wp\/v2\/posts\/1524","targetHints":{"allow":["GET"]}}],"collection":[{"href":"https:\/\/www.brettl.at\/blog\/wp-json\/wp\/v2\/posts"}],"about":[{"href":"https:\/\/www.brettl.at\/blog\/wp-json\/wp\/v2\/types\/post"}],"author":[{"embeddable":true,"href":"https:\/\/www.brettl.at\/blog\/wp-json\/wp\/v2\/users\/3"}],"replies":[{"embeddable":true,"href":"https:\/\/www.brettl.at\/blog\/wp-json\/wp\/v2\/comments?post=1524"}],"version-history":[{"count":3,"href":"https:\/\/www.brettl.at\/blog\/wp-json\/wp\/v2\/posts\/1524\/revisions"}],"predecessor-version":[{"id":4472,"href":"https:\/\/www.brettl.at\/blog\/wp-json\/wp\/v2\/posts\/1524\/revisions\/4472"}],"wp:featuredmedia":[{"embeddable":true,"href":"https:\/\/www.brettl.at\/blog\/wp-json\/wp\/v2\/media\/1526"}],"wp:attachment":[{"href":"https:\/\/www.brettl.at\/blog\/wp-json\/wp\/v2\/media?parent=1524"}],"wp:term":[{"taxonomy":"category","embeddable":true,"href":"https:\/\/www.brettl.at\/blog\/wp-json\/wp\/v2\/categories?post=1524"},{"taxonomy":"post_tag","embeddable":true,"href":"https:\/\/www.brettl.at\/blog\/wp-json\/wp\/v2\/tags?post=1524"}],"curies":[{"name":"wp","href":"https:\/\/api.w.org\/{rel}","templated":true}]}}