{"id":1571,"date":"2017-05-06T07:57:33","date_gmt":"2017-05-06T05:57:33","guid":{"rendered":"http:\/\/www.brettl.at\/blog\/?p=1571"},"modified":"2024-09-02T17:02:16","modified_gmt":"2024-09-02T15:02:16","slug":"suehnearbeit-fuer-den-wiederaufbau","status":"publish","type":"post","link":"https:\/\/www.brettl.at\/blog\/suehnearbeit-fuer-den-wiederaufbau\/","title":{"rendered":"S\u00fchnearbeit f\u00fcr den Wiederaufbau"},"content":{"rendered":"<div class=\"fusion-fullwidth fullwidth-box fusion-builder-row-1 nonhundred-percent-fullwidth non-hundred-percent-height-scrolling\" style=\"--awb-border-radius-top-left:0px;--awb-border-radius-top-right:0px;--awb-border-radius-bottom-right:0px;--awb-border-radius-bottom-left:0px;--awb-flex-wrap:wrap;\" ><div class=\"fusion-builder-row fusion-row\"><div class=\"fusion-layout-column fusion_builder_column fusion-builder-column-0 fusion_builder_column_1_1 1_1 fusion-one-full fusion-column-first fusion-column-last\" style=\"--awb-bg-size:cover;--awb-margin-bottom:0px;\"><div class=\"fusion-column-wrapper fusion-flex-column-wrapper-legacy\"><div class=\"fusion-text fusion-text-1\"><p>Mit Kriegsende am 8. Mai 1945 wurden die NSDAP, all ihre Gliederungen und jegliche NS-Wiederbet\u00e4tigung verboten. Dieses Verbotsgesetz stellte die erste gesetzliche Grundlage zur Verfolgung der Nationalsozialisten dar. Dazu geh\u00f6rte auch die au\u00dfergerichtliche Bestrafung in Form von \u201eS\u00fchnema\u00dfnahmen\u201c. Die Angeklagten wurden teilweise durch Arbeitseins\u00e4tze zur \u201eWiedergutmachung verursachter Sch\u00e4den\u201c herangezogen. Zu diesen Arbeitseins\u00e4tzen z\u00e4hlte auch die Errichtung des Kraftwerkes Kaprun.<br \/>\n<a href=\"http:\/\/www.brettl.at\/wp-content\/uploads\/2017\/05\/Kaprun1.jpg\"><img decoding=\"async\" class=\"alignleft size-medium wp-image-1572\" src=\"http:\/\/www.brettl.at\/wp-content\/uploads\/2017\/05\/Kaprun1-300x169.jpg\" alt=\"Kaprun\" width=\"300\" height=\"169\" srcset=\"https:\/\/www.brettl.at\/wp-content\/uploads\/2017\/05\/Kaprun1-200x113.jpg 200w, https:\/\/www.brettl.at\/wp-content\/uploads\/2017\/05\/Kaprun1-300x169.jpg 300w, https:\/\/www.brettl.at\/wp-content\/uploads\/2017\/05\/Kaprun1-400x225.jpg 400w, https:\/\/www.brettl.at\/wp-content\/uploads\/2017\/05\/Kaprun1-600x338.jpg 600w, https:\/\/www.brettl.at\/wp-content\/uploads\/2017\/05\/Kaprun1.jpg 640w\" sizes=\"(max-width: 300px) 100vw, 300px\" \/><\/a>Arbeitsamt Neusiedl am See, am 18.1.1947<br \/>\nBetrifft: Kr\u00e4ftestellung f\u00fcr das Tauernkraftwerk Kaprun<br \/>\n\u201eDa das Projekt dieses Kraftwerkes, dessen Fertigstellung dem Staat eine ungeheure Energiequelle erschliesst, nur bei Verf\u00fcgung gen\u00fcgender Anzahl von Arbeitskr\u00e4ften gemeistert werden kann, ist auch das Burgenland beauftragt worden hiezu Arbeitskr\u00e4fte bereitzustellen. Sie werden daher eingeladen, unter Mitwirkung eines parit\u00e4tischen Ausschusses alle verf\u00fcgbaren M\u00e4nner namhaft zu machen und dem Arbeitsamt zu melden, damit dieses daraus die Geeignetsten heraussuchen kann. In erster Linie wird hier auf Nationalsozialisten zur\u00fcckgegriffen werden m\u00fcssen und in anderer Hinsicht nur auf j\u00fcngere Kr\u00e4fte, deren Eignung feststeht.<br \/>\nEs wird nochmals auf die enorme Wichtigkeit dieses Projektes und den Nutzen der uns allen zu Gute kommt hingewiesen. Auch den Leuten ist der Ernst der Situation klarzulegen. Die namhaft gemachten Kr\u00e4fte haben sich auf jederzeitigen Abruf bereit zu halten. [\u2026]\u201c<br \/>\nDie Gemeinde Halbturn meldete daraufhin 10 Personen, wobei diese zumeist als zuvor aktive Nationalsozialisten bekannt waren.<br \/>\n(Gemeindearchiv Halbturn, Korrespondenz 1947. Zl. 12\/1\/1947)<\/p>\n<\/div><div class=\"fusion-clearfix\"><\/div><\/div><\/div><\/div><\/div>\n","protected":false},"excerpt":{"rendered":"<p>Mit Kriegsende am 8. Mai 1945 wurden die NSDAP, all ihre Gliederungen und jegliche NS-Wiederbet\u00e4tigung verboten. Dieses Verbotsgesetz stellte die erste gesetzliche Grundlage zur Verfolgung der Nationalsozialisten dar. <\/p>\n","protected":false},"author":3,"featured_media":1572,"comment_status":"open","ping_status":"open","sticky":false,"template":"","format":"standard","meta":{"footnotes":""},"categories":[279,69,48],"tags":[43],"class_list":["post-1571","post","type-post","status-publish","format-standard","has-post-thumbnail","hentry","category-279","category-besatzungszeit","category-nationalsozialismus","tag-halbturn"],"_links":{"self":[{"href":"https:\/\/www.brettl.at\/blog\/wp-json\/wp\/v2\/posts\/1571","targetHints":{"allow":["GET"]}}],"collection":[{"href":"https:\/\/www.brettl.at\/blog\/wp-json\/wp\/v2\/posts"}],"about":[{"href":"https:\/\/www.brettl.at\/blog\/wp-json\/wp\/v2\/types\/post"}],"author":[{"embeddable":true,"href":"https:\/\/www.brettl.at\/blog\/wp-json\/wp\/v2\/users\/3"}],"replies":[{"embeddable":true,"href":"https:\/\/www.brettl.at\/blog\/wp-json\/wp\/v2\/comments?post=1571"}],"version-history":[{"count":3,"href":"https:\/\/www.brettl.at\/blog\/wp-json\/wp\/v2\/posts\/1571\/revisions"}],"predecessor-version":[{"id":4500,"href":"https:\/\/www.brettl.at\/blog\/wp-json\/wp\/v2\/posts\/1571\/revisions\/4500"}],"wp:featuredmedia":[{"embeddable":true,"href":"https:\/\/www.brettl.at\/blog\/wp-json\/wp\/v2\/media\/1572"}],"wp:attachment":[{"href":"https:\/\/www.brettl.at\/blog\/wp-json\/wp\/v2\/media?parent=1571"}],"wp:term":[{"taxonomy":"category","embeddable":true,"href":"https:\/\/www.brettl.at\/blog\/wp-json\/wp\/v2\/categories?post=1571"},{"taxonomy":"post_tag","embeddable":true,"href":"https:\/\/www.brettl.at\/blog\/wp-json\/wp\/v2\/tags?post=1571"}],"curies":[{"name":"wp","href":"https:\/\/api.w.org\/{rel}","templated":true}]}}