{"id":1576,"date":"2017-05-11T07:30:23","date_gmt":"2017-05-11T05:30:23","guid":{"rendered":"http:\/\/www.brettl.at\/blog\/?p=1576"},"modified":"2024-09-02T17:02:11","modified_gmt":"2024-09-02T15:02:11","slug":"trockenlegung-des-neusiedler-seebeckens","status":"publish","type":"post","link":"https:\/\/www.brettl.at\/blog\/trockenlegung-des-neusiedler-seebeckens\/","title":{"rendered":"Trockenlegung des Neusiedler Seebeckens"},"content":{"rendered":"<div class=\"fusion-fullwidth fullwidth-box fusion-builder-row-1 nonhundred-percent-fullwidth non-hundred-percent-height-scrolling\" style=\"--awb-border-radius-top-left:0px;--awb-border-radius-top-right:0px;--awb-border-radius-bottom-right:0px;--awb-border-radius-bottom-left:0px;--awb-flex-wrap:wrap;\" ><div class=\"fusion-builder-row fusion-row\"><div class=\"fusion-layout-column fusion_builder_column fusion-builder-column-0 fusion_builder_column_1_1 1_1 fusion-one-full fusion-column-first fusion-column-last\" style=\"--awb-bg-size:cover;--awb-margin-bottom:0px;\"><div class=\"fusion-column-wrapper fusion-flex-column-wrapper-legacy\"><div class=\"fusion-text fusion-text-1\"><p>Mit der Errichtung des Einser-Kanals erhoffte man sich, dass der Neusiedler See gez\u00e4hmt werden w\u00fcrde. So mancher tr\u00e4umte auch davon, dass der See vollkommen verschwinden werde und das Land als Verkehrsweg bzw. f\u00fcr die Landwirtschaft verwendet werden k\u00f6nne. So meinte ein Journalist der \u201eNeusiedler Wochenschrift\u201c im M\u00e4rz 1893:<\/p>\n<div id=\"attachment_1577\" style=\"width: 310px\" class=\"wp-caption alignleft\"><a href=\"http:\/\/www.brettl.at\/wp-content\/uploads\/2017\/05\/ND.jpg\"><img decoding=\"async\" aria-describedby=\"caption-attachment-1577\" class=\"size-medium wp-image-1577\" src=\"http:\/\/www.brettl.at\/wp-content\/uploads\/2017\/05\/ND-300x169.jpg\" alt=\"Einser Kanal\" width=\"300\" height=\"169\" srcset=\"https:\/\/www.brettl.at\/wp-content\/uploads\/2017\/05\/ND-200x113.jpg 200w, https:\/\/www.brettl.at\/wp-content\/uploads\/2017\/05\/ND-300x169.jpg 300w, https:\/\/www.brettl.at\/wp-content\/uploads\/2017\/05\/ND-400x225.jpg 400w, https:\/\/www.brettl.at\/wp-content\/uploads\/2017\/05\/ND-600x338.jpg 600w, https:\/\/www.brettl.at\/wp-content\/uploads\/2017\/05\/ND-768x432.jpg 768w, https:\/\/www.brettl.at\/wp-content\/uploads\/2017\/05\/ND.jpg 800w\" sizes=\"(max-width: 300px) 100vw, 300px\" \/><\/a><p id=\"caption-attachment-1577\" class=\"wp-caption-text\">Einser Kanal oder Hans\u00e1gkanal<\/p><\/div>\n<p>\u201eDie Kanalisierung des Neusiedlersees, wodurch derselbe trocken gelegt und der Kultur gewonnen werden soll, wird heuer im Fr\u00fchjahre, also schon in n\u00e4chster Zeit in Angriff genommen. Das Seebecken, welches jetzt ein zw\u00f6lf Quadratmeilen umfassender Sumpf ist, soll ein wahres Kanaan werden. Die Legung des Kanals erfolgt vom tiefsten Punkte des Sees, von Neudeck aus und wird in der Richtung gegen den Hans\u00e1g gef\u00fchrt. Die Kosten des Unternehmens werden theilweise von den anreinenden Grundbesitzern, den Interessenten und zum Theil von der Regierung bestritten und d\u00fcrften sich nach den neuesten Pl\u00e4nen auf zehn bis zw\u00f6lf Millionen Gulden belaufen. Der Entw\u00e4sserungskanal soll bis Juni 1895 fertig gestellt werden.\u201c<br \/>\n(Neusiedler Wochenschrift 18.3.1894, S. 3)<br \/>\nDer Kanal wurde nach zweij\u00e4hriger Bauzeit im Jahre 1895 fertiggestellt und dient der Entw\u00e4sserung der Hans\u00e1gs\u00fcmpfe sowie der Regulierung des Wasserstandes des Neusiedler Sees. Die weiteren Tr\u00e4ume erf\u00fcllten sich \u2013 zum Gl\u00fcck &#8211; nicht.<\/p>\n<\/div><div class=\"fusion-clearfix\"><\/div><\/div><\/div><\/div><\/div>\n","protected":false},"excerpt":{"rendered":"<p>Mit der Errichtung des Einser-Kanals erhoffte man sich, dass der Neusiedler See gez\u00e4hmt werden w\u00fcrde. So mancher tr\u00e4umte auch davon, dass der See vollkommen verschwinden werde und das Land als Verkehrsweg bzw. f\u00fcr die Landwirtschaft verwendet werden k\u00f6nne.<\/p>\n","protected":false},"author":3,"featured_media":1577,"comment_status":"open","ping_status":"open","sticky":false,"template":"","format":"standard","meta":{"footnotes":""},"categories":[279,17,38],"tags":[],"class_list":["post-1576","post","type-post","status-publish","format-standard","has-post-thumbnail","hentry","category-279","category-landwirtschaft","category-westungarn"],"_links":{"self":[{"href":"https:\/\/www.brettl.at\/blog\/wp-json\/wp\/v2\/posts\/1576","targetHints":{"allow":["GET"]}}],"collection":[{"href":"https:\/\/www.brettl.at\/blog\/wp-json\/wp\/v2\/posts"}],"about":[{"href":"https:\/\/www.brettl.at\/blog\/wp-json\/wp\/v2\/types\/post"}],"author":[{"embeddable":true,"href":"https:\/\/www.brettl.at\/blog\/wp-json\/wp\/v2\/users\/3"}],"replies":[{"embeddable":true,"href":"https:\/\/www.brettl.at\/blog\/wp-json\/wp\/v2\/comments?post=1576"}],"version-history":[{"count":4,"href":"https:\/\/www.brettl.at\/blog\/wp-json\/wp\/v2\/posts\/1576\/revisions"}],"predecessor-version":[{"id":4499,"href":"https:\/\/www.brettl.at\/blog\/wp-json\/wp\/v2\/posts\/1576\/revisions\/4499"}],"wp:featuredmedia":[{"embeddable":true,"href":"https:\/\/www.brettl.at\/blog\/wp-json\/wp\/v2\/media\/1577"}],"wp:attachment":[{"href":"https:\/\/www.brettl.at\/blog\/wp-json\/wp\/v2\/media?parent=1576"}],"wp:term":[{"taxonomy":"category","embeddable":true,"href":"https:\/\/www.brettl.at\/blog\/wp-json\/wp\/v2\/categories?post=1576"},{"taxonomy":"post_tag","embeddable":true,"href":"https:\/\/www.brettl.at\/blog\/wp-json\/wp\/v2\/tags?post=1576"}],"curies":[{"name":"wp","href":"https:\/\/api.w.org\/{rel}","templated":true}]}}