{"id":1598,"date":"2017-05-26T07:53:12","date_gmt":"2017-05-26T05:53:12","guid":{"rendered":"http:\/\/www.brettl.at\/blog\/?p=1598"},"modified":"2024-09-02T17:01:54","modified_gmt":"2024-09-02T15:01:54","slug":"mexiko-am-neusiedler-see","status":"publish","type":"post","link":"https:\/\/www.brettl.at\/blog\/mexiko-am-neusiedler-see\/","title":{"rendered":"Mexiko am Neusiedler See"},"content":{"rendered":"<div class=\"fusion-fullwidth fullwidth-box fusion-builder-row-1 nonhundred-percent-fullwidth non-hundred-percent-height-scrolling\" style=\"--awb-border-radius-top-left:0px;--awb-border-radius-top-right:0px;--awb-border-radius-bottom-right:0px;--awb-border-radius-bottom-left:0px;--awb-flex-wrap:wrap;\" ><div class=\"fusion-builder-row fusion-row\"><div class=\"fusion-layout-column fusion_builder_column fusion-builder-column-0 fusion_builder_column_1_1 1_1 fusion-one-full fusion-column-first fusion-column-last\" style=\"--awb-bg-size:cover;--awb-margin-bottom:0px;\"><div class=\"fusion-column-wrapper fusion-flex-column-wrapper-legacy\"><div class=\"fusion-text fusion-text-1\"><p>Die Schwankungen des Neusiedler Sees lie\u00dfen D\u00f6rfer an seinem Ufer zu W\u00fcstungen werden, aber auch neue Ansiedlungen entstehen. Als nach der Grundentlastung die ehemaligen Gutsherrschaften neue Meierh\u00f6fe errichteten, war einer davon der Hof \u201eMexiko\u201c, der seinen Namen nach dem traurigen Experiment von Erzherzog Maximilian erhielt.<\/p>\n<div id=\"attachment_1599\" style=\"width: 310px\" class=\"wp-caption alignleft\"><a href=\"http:\/\/www.brettl.at\/wp-content\/uploads\/2017\/05\/Mexiko.jpg\"><img decoding=\"async\" aria-describedby=\"caption-attachment-1599\" class=\"size-medium wp-image-1599\" src=\"http:\/\/www.brettl.at\/wp-content\/uploads\/2017\/05\/Mexiko-300x176.jpg\" alt=\"Mexiko\" width=\"300\" height=\"176\" srcset=\"https:\/\/www.brettl.at\/wp-content\/uploads\/2017\/05\/Mexiko-200x118.jpg 200w, https:\/\/www.brettl.at\/wp-content\/uploads\/2017\/05\/Mexiko-300x176.jpg 300w, https:\/\/www.brettl.at\/wp-content\/uploads\/2017\/05\/Mexiko-400x235.jpg 400w, https:\/\/www.brettl.at\/wp-content\/uploads\/2017\/05\/Mexiko-600x353.jpg 600w, https:\/\/www.brettl.at\/wp-content\/uploads\/2017\/05\/Mexiko.jpg 718w\" sizes=\"(max-width: 300px) 100vw, 300px\" \/><\/a><p id=\"caption-attachment-1599\" class=\"wp-caption-text\">Mexiko am Neusiedler See auf einer Karte von 1900<\/p><\/div>\n<p>Ein Professor des katholischen Gymnasiums in Neusiedl schreibt \u00fcber seine Beobachtungen in der Wiener Zeitung 1869: \u201eIm Fr\u00fchjahr hatte ich gelesen, da\u00df das Bett des Neusiedler Sees sich wieder mit Wasser gef\u00fcllt habe. Ich ben\u00fctzte daher meine Ferien, um einige Tage an den Ufern des Sees zu jagen. Wie gro\u00df war jedoch meine \u00dcberraschung, als ich statt Wasser eine unabsehbare Menge von Kukuruzfeldern und Pu\u00dften auf dem Seegrunde erblickte. So entsagte ich also meinen Jagdpl\u00e4nen und machte mich statt auf einem Kahn zu wagen auf den Weg, um die Ansiedlungen zu begehen. Unterwegs stie\u00df ich auf Regierungsingenieurs, welche wegen eines zu grabenden Canals mit Vorarbeiten besch\u00e4ftigt waren. Als ich ganz an die Ufer des Sees gekommen war, wo die neue Ansiedlung \u201eMexiko\u201c gebaut wird, sah ich eine Reihe von W\u00e4gen mir entgegenkommen, welche \u00fcber den See vom \u00d6denburger Markte zur\u00fcckkehrten. Die Leute erz\u00e4hlten mir, da\u00df sie mit Ladungen von 25 bis 30 metzen Weizen diesen k\u00fcrzesten Weg zu w\u00e4hlen pflegen. Ich kehrte bei P\u00e4chtern der Ansiedlungen ein und nahm die vor drei Jahren gebauten Wirtschaftsgeb\u00e4ude in Augenschein. Auf einem Meierhofe ist heuer auch ein 10 Fu\u00df tiefer Keller gegraben worden, ohne da\u00df man selbst in dieser Tiefe auf Wasser stie\u00df. Am 14 d. M. fand in der Colonie Mexiko, die schon 100 Einwohner z\u00e4hlt und auch schon eine Schule hat, eine kirchliche Festlichkeit statt, n\u00e4mlich die Einweihung des Kreuzes, welche ein Oster Gustbesitzer auf seine Kosten daselbst errichten lie\u00df, zu welcher aus Pomogy\/Pamhagen (Wieselburger Comitat) und aus mehreren Ortschaften des \u00d6denburger Comitates eine gro\u00dfe Volksmenge zusammengestr\u00f6mt war und der ein gastliches Mahl folgte. Auf Verlangen hielt ich eine Einweihungsrede \u2013 die erste Predigt auf jenen Seegr\u00fcnden und an einer Stelle, \u00fcber die vor Jahren mit einem Segelboot aus \u00d6denburg ins Wieselburger Comitat gefahren ward.\u201c (Wiener Zeitung vom 21.09.1869)<\/p>\n<p>&nbsp;<\/p>\n<\/div><div class=\"fusion-clearfix\"><\/div><\/div><\/div><\/div><\/div>\n","protected":false},"excerpt":{"rendered":"<p>Die Schwankungen des Neusiedler Sees lie\u00dfen D\u00f6rfer an seinem Ufer zu W\u00fcstungen werden, aber auch neue Ansiedlungen entstehen. <\/p>\n","protected":false},"author":3,"featured_media":1599,"comment_status":"open","ping_status":"open","sticky":false,"template":"","format":"standard","meta":{"footnotes":""},"categories":[279,17,38],"tags":[68],"class_list":["post-1598","post","type-post","status-publish","format-standard","has-post-thumbnail","hentry","category-279","category-landwirtschaft","category-westungarn","tag-pamhagen"],"_links":{"self":[{"href":"https:\/\/www.brettl.at\/blog\/wp-json\/wp\/v2\/posts\/1598","targetHints":{"allow":["GET"]}}],"collection":[{"href":"https:\/\/www.brettl.at\/blog\/wp-json\/wp\/v2\/posts"}],"about":[{"href":"https:\/\/www.brettl.at\/blog\/wp-json\/wp\/v2\/types\/post"}],"author":[{"embeddable":true,"href":"https:\/\/www.brettl.at\/blog\/wp-json\/wp\/v2\/users\/3"}],"replies":[{"embeddable":true,"href":"https:\/\/www.brettl.at\/blog\/wp-json\/wp\/v2\/comments?post=1598"}],"version-history":[{"count":6,"href":"https:\/\/www.brettl.at\/blog\/wp-json\/wp\/v2\/posts\/1598\/revisions"}],"predecessor-version":[{"id":4497,"href":"https:\/\/www.brettl.at\/blog\/wp-json\/wp\/v2\/posts\/1598\/revisions\/4497"}],"wp:featuredmedia":[{"embeddable":true,"href":"https:\/\/www.brettl.at\/blog\/wp-json\/wp\/v2\/media\/1599"}],"wp:attachment":[{"href":"https:\/\/www.brettl.at\/blog\/wp-json\/wp\/v2\/media?parent=1598"}],"wp:term":[{"taxonomy":"category","embeddable":true,"href":"https:\/\/www.brettl.at\/blog\/wp-json\/wp\/v2\/categories?post=1598"},{"taxonomy":"post_tag","embeddable":true,"href":"https:\/\/www.brettl.at\/blog\/wp-json\/wp\/v2\/tags?post=1598"}],"curies":[{"name":"wp","href":"https:\/\/api.w.org\/{rel}","templated":true}]}}