{"id":1639,"date":"2017-06-25T12:54:53","date_gmt":"2017-06-25T10:54:53","guid":{"rendered":"http:\/\/www.brettl.at\/blog\/?p=1639"},"modified":"2024-09-02T17:01:19","modified_gmt":"2024-09-02T15:01:19","slug":"die-schwaermerei-ist-mir-vergangen","status":"publish","type":"post","link":"https:\/\/www.brettl.at\/blog\/die-schwaermerei-ist-mir-vergangen\/","title":{"rendered":"Die Schw\u00e4rmerei ist mir vergangen\u2026"},"content":{"rendered":"<div class=\"fusion-fullwidth fullwidth-box fusion-builder-row-1 fusion-flex-container nonhundred-percent-fullwidth non-hundred-percent-height-scrolling\" style=\"--awb-border-radius-top-left:0px;--awb-border-radius-top-right:0px;--awb-border-radius-bottom-right:0px;--awb-border-radius-bottom-left:0px;--awb-flex-wrap:wrap;\" ><div class=\"fusion-builder-row fusion-row fusion-flex-align-items-flex-start fusion-flex-content-wrap\" style=\"max-width:1100.32px;margin-left: calc(-4% \/ 2 );margin-right: calc(-4% \/ 2 );\"><div class=\"fusion-layout-column fusion_builder_column fusion-builder-column-0 fusion_builder_column_1_1 1_1 fusion-flex-column\" style=\"--awb-bg-size:cover;--awb-width-large:100%;--awb-margin-top-large:0px;--awb-spacing-right-large:1.92%;--awb-margin-bottom-large:0px;--awb-spacing-left-large:1.92%;--awb-width-medium:100%;--awb-spacing-right-medium:1.92%;--awb-spacing-left-medium:1.92%;--awb-width-small:100%;--awb-spacing-right-small:1.92%;--awb-spacing-left-small:1.92%;\"><div class=\"fusion-column-wrapper fusion-flex-justify-content-flex-start fusion-content-layout-column\"><div class=\"fusion-text fusion-text-1\"><p><strong>Die Schw\u00e4rmerei ist mir vergangen\u2026<\/strong><\/p>\n<p>&nbsp;<\/p>\n<p>Ausz\u00fcge aus einem Beschwerdebrief eines entt\u00e4uschten Neusiedler See-Urlaubers aus Linz vom Sommer 1952:<br \/>\n<a href=\"https:\/\/www.brettl.at\/wp-content\/uploads\/2017\/06\/Podersdorf-K\u00fche.jpg\"><img decoding=\"async\" class=\"alignleft size-medium wp-image-1640\" src=\"https:\/\/www.brettl.at\/wp-content\/uploads\/2017\/06\/Podersdorf-K\u00fche-300x168.jpg\" alt=\"Podersdorf\" width=\"300\" height=\"168\" srcset=\"https:\/\/www.brettl.at\/wp-content\/uploads\/2017\/06\/Podersdorf-K\u00fche-200x112.jpg 200w, https:\/\/www.brettl.at\/wp-content\/uploads\/2017\/06\/Podersdorf-K\u00fche-300x168.jpg 300w, https:\/\/www.brettl.at\/wp-content\/uploads\/2017\/06\/Podersdorf-K\u00fche-400x224.jpg 400w, https:\/\/www.brettl.at\/wp-content\/uploads\/2017\/06\/Podersdorf-K\u00fche-600x336.jpg 600w, https:\/\/www.brettl.at\/wp-content\/uploads\/2017\/06\/Podersdorf-K\u00fche-768x430.jpg 768w, https:\/\/www.brettl.at\/wp-content\/uploads\/2017\/06\/Podersdorf-K\u00fche.jpg 800w\" sizes=\"(max-width: 300px) 100vw, 300px\" \/><\/a>\u201eIch habe immer f\u00fcr den Neusiedlersee geschw\u00e4rmt, da ich einmal zu Pfingsten 1944 in Neusiedl a\/S. badete. [\u2026] Bei gr\u00f6sster sommerlicher Hitze kamen wir am 14.8. dort (Anmerkung: Podersdorf) an. Mit dem Gep\u00e4ck mussten wir 10 Minuten in kn\u00f6cheltiefen Staub die sogenannte \u201eSeestrasse\u201c entlang waten. [\u2026] Nat\u00fcrlich war kein Zimmer frei. Nach stundenlanger Wartezeit in dem nicht sehr sauberen Gastzimmer, sagte man uns, wir k\u00f6nnen in einem Privatquartier unterkommen. [\u2026] Wir stellten das Gep\u00e4ck ein und gingen schleunigst zu dem angepriesenen herrlichen Badestrand. Aber welche Entt\u00e4uschung! Ei schadhafter Brettersteig f\u00fchrte ohne Stufen in den See hinaus. [\u2026] Der Sandstrand war vorhanden, jedoch diente er zum Teil als Ablagerungsst\u00e4tte f\u00fcr rostige Konservenb\u00fcchen, zerbrochen Ziegeln und Glasscherben. Es war kein Schatten weit und breit und keine M\u00f6glichkeit zu liegen. [\u2026] Der See war so stark gesunken, dass er nur bis zu den Kn\u00f6cheln ging, an den tiefsten Stellen bis zu den Knien, vom Schwimmen war nat\u00fcrlich keine Rede. [\u2026] Der Wein war enorm teuer, trotzdem wir in der Weingegend waren. \u00bc Muskateller kostete S 6.50. [\u2026]\nAbends in unserem Privatquartier war wohl aufger\u00e4umt, aber die Wolldecke nicht \u00fcberzogen, das Waschgeschirr sehr besch\u00e4digt und es konnte jeder in unser Zimmer von der K\u00fcche hineinsehen. Es war sehr unruhig, den in der Nacht kam der betrunkene Nachtw\u00e4chter 3 mal zu unserem Fenster (ebenerdig) und liess sich nicht \u00fcberzeugen, dass er es mit Sommerg\u00e4sten zu tun hatte und nicht mit unserem Quartiergeber. Um 4 Uhr fr\u00fch blies der Kuhhirte in sein Horn um die K\u00fche zu sammeln. Unter diesen Umst\u00e4nden war an keinen Schlaf mehr zu denken. [\u2026]\nAm n\u00e4chsten Tag bekamen wir beim Wirten nicht einmal was zu trinken (au\u00dfer Wein), da alle anderen Getr\u00e4nke ausverkauft waren. Wir ergriffen nach 2 t\u00e4gigen Aufenthalt die Flucht. Meine Schw\u00e4rmerei f\u00fcr den sch\u00f6nen Neusiedlersee ist mir begreiflicher Weise vergangen.<br \/>\nIch ersuche Sie h\u00f6flichst, sehr geehrter Herr Doktor, meine Beschwerden weiterzuleiten, damit nicht mehreren Erholungssuchenden der Urlaub verpatzt wird. Denn: Das Burgenland ist noch lange nicht f\u00fcr seine G\u00e4ste bereit.<br \/>\nHochachtungsvoll Ingeborg X. aus Wien XII.\u201c<\/p>\n<\/div><\/div><\/div><\/div><\/div>\n","protected":false},"excerpt":{"rendered":"<p>Ausz\u00fcge aus einem Beschwerdebrief eines entt\u00e4uschten Neusiedler See-Urlaubers aus Linz vom Sommer 1952. <\/p>\n","protected":false},"author":3,"featured_media":1640,"comment_status":"open","ping_status":"open","sticky":false,"template":"","format":"standard","meta":{"footnotes":""},"categories":[279,67],"tags":[44],"class_list":["post-1639","post","type-post","status-publish","format-standard","has-post-thumbnail","hentry","category-279","category-fremdenverkehr","tag-podersdorf"],"_links":{"self":[{"href":"https:\/\/www.brettl.at\/blog\/wp-json\/wp\/v2\/posts\/1639","targetHints":{"allow":["GET"]}}],"collection":[{"href":"https:\/\/www.brettl.at\/blog\/wp-json\/wp\/v2\/posts"}],"about":[{"href":"https:\/\/www.brettl.at\/blog\/wp-json\/wp\/v2\/types\/post"}],"author":[{"embeddable":true,"href":"https:\/\/www.brettl.at\/blog\/wp-json\/wp\/v2\/users\/3"}],"replies":[{"embeddable":true,"href":"https:\/\/www.brettl.at\/blog\/wp-json\/wp\/v2\/comments?post=1639"}],"version-history":[{"count":5,"href":"https:\/\/www.brettl.at\/blog\/wp-json\/wp\/v2\/posts\/1639\/revisions"}],"predecessor-version":[{"id":4492,"href":"https:\/\/www.brettl.at\/blog\/wp-json\/wp\/v2\/posts\/1639\/revisions\/4492"}],"wp:featuredmedia":[{"embeddable":true,"href":"https:\/\/www.brettl.at\/blog\/wp-json\/wp\/v2\/media\/1640"}],"wp:attachment":[{"href":"https:\/\/www.brettl.at\/blog\/wp-json\/wp\/v2\/media?parent=1639"}],"wp:term":[{"taxonomy":"category","embeddable":true,"href":"https:\/\/www.brettl.at\/blog\/wp-json\/wp\/v2\/categories?post=1639"},{"taxonomy":"post_tag","embeddable":true,"href":"https:\/\/www.brettl.at\/blog\/wp-json\/wp\/v2\/tags?post=1639"}],"curies":[{"name":"wp","href":"https:\/\/api.w.org\/{rel}","templated":true}]}}