{"id":1753,"date":"2017-09-24T08:45:11","date_gmt":"2017-09-24T06:45:11","guid":{"rendered":"http:\/\/www.brettl.at\/blog\/?p=1753"},"modified":"2024-09-02T17:05:03","modified_gmt":"2024-09-02T15:05:03","slug":"verdienst-eines-melkers","status":"publish","type":"post","link":"https:\/\/www.brettl.at\/blog\/verdienst-eines-melkers\/","title":{"rendered":"Verdienst eines Melkers"},"content":{"rendered":"<div class=\"fusion-fullwidth fullwidth-box fusion-builder-row-1 nonhundred-percent-fullwidth non-hundred-percent-height-scrolling\" style=\"--awb-border-radius-top-left:0px;--awb-border-radius-top-right:0px;--awb-border-radius-bottom-right:0px;--awb-border-radius-bottom-left:0px;--awb-flex-wrap:wrap;\" ><div class=\"fusion-builder-row fusion-row\"><div class=\"fusion-layout-column fusion_builder_column fusion-builder-column-0 fusion_builder_column_1_1 1_1 fusion-one-full fusion-column-first fusion-column-last\" style=\"--awb-bg-size:cover;--awb-margin-bottom:0px;\"><div class=\"fusion-column-wrapper fusion-flex-column-wrapper-legacy\"><div class=\"fusion-text fusion-text-1\"><p>Unter der gro\u00dfen Zahl an ganzj\u00e4hrig an Gutsh\u00f6fen besch\u00e4ftigten Landarbeitern, den Deputatisten, gab es auch die Melker, auch Schweizer genannt. Die Arbeit eines Melkers begann zwischen drei und vier Uhr morgens, wobei jeder Schweizer, je nach Gutshof und Tarifordnung, 14 bis 17 K\u00fche zu betreuen hatte. Zun\u00e4chst wurde der Stall ausgemistet, die K\u00fche gereinigt und mit dem ersten Melken begonnen. Nach dem Melken wurde f\u00fcr das Vieh das Futter bereitgestellt und danach hatte das Personal eine zwei- bis dreist\u00fcndige Pause. Zwischen 11.00 und 13.00 Uhr erfolgten das zweite Melken und das Ausmisten. Nach einer l\u00e4ngeren Mittagspause erfolgten zwischen 16.00 und 19.00 Uhr das dritte Melken und das abermalige Ausmisten. Der Schweizer hatte einen Tag in der Woche frei, wobei am arbeitsfreien Tag ein sogenannter \u201eSpringer\u201c die Arbeit durchf\u00fchrte.<br \/>\n<a href=\"http:\/\/www.brettl.at\/wp-content\/uploads\/2017\/09\/Schweizer-um-1930.jpg\"><img decoding=\"async\" class=\"alignleft size-medium wp-image-1754\" src=\"http:\/\/www.brettl.at\/wp-content\/uploads\/2017\/09\/Schweizer-um-1930-300x144.jpg\" alt=\"Melker\" width=\"300\" height=\"144\" srcset=\"https:\/\/www.brettl.at\/wp-content\/uploads\/2017\/09\/Schweizer-um-1930-200x96.jpg 200w, https:\/\/www.brettl.at\/wp-content\/uploads\/2017\/09\/Schweizer-um-1930-300x144.jpg 300w, https:\/\/www.brettl.at\/wp-content\/uploads\/2017\/09\/Schweizer-um-1930-400x192.jpg 400w, https:\/\/www.brettl.at\/wp-content\/uploads\/2017\/09\/Schweizer-um-1930-600x288.jpg 600w, https:\/\/www.brettl.at\/wp-content\/uploads\/2017\/09\/Schweizer-um-1930-768x369.jpg 768w, https:\/\/www.brettl.at\/wp-content\/uploads\/2017\/09\/Schweizer-um-1930-800x384.jpg 800w, https:\/\/www.brettl.at\/wp-content\/uploads\/2017\/09\/Schweizer-um-1930.jpg 871w\" sizes=\"(max-width: 300px) 100vw, 300px\" \/><\/a>Der gelernte Melker Franz M. von der Gutsverwaltung Draskovich in G\u00fcssing war ungarischer Staatsb\u00fcrger und hatte deshalb um eine Aufenthaltsbewilligung in \u00d6sterreich anzusuchen. Zu diesem Zweck musste der Gendarmeriepostenkommandant \u00fcber Franz M. ein Gutachten abgeben. Aus diesem geht auch sein Verdienst hervor.<em><br \/>\n<\/em><em>\u201eDer Melker Franz M., G\u00fcssing Nr. 154 wohnhaft hat ein monatliches Einkommen von 300.- S. und erh\u00e4lt ferner ein Deputat von der Gutsverwaltung Draskovich, bei welcher er als Melker t\u00e4tig ist, t\u00e4glich 2 Liter Milch, viertelj\u00e4hrlich 400 kg Frucht und hat freie Wohnung. M. besitzt kein Verm\u00f6gen und hat f\u00fcr seine Gattin Theresia, geb. Groboth und f\u00fcr seinen 9-j\u00e4hrigen Sohn Franz zu sorgen. Genannter erscheint laut Angaben des B\u00fcrgermeisters der Gemeinde G\u00fcssing und mehrerer Gemeinder\u00e4te in jeder Hinsicht verl\u00e4\u00dflich, vertrauensw\u00fcrdig und scheint in den am hiesigen Postenkommando aufliegenden Strafvermerk als unbescholten auf. Besondere Umst\u00e4nde, die einen weiteren Aufenthalt in \u00d6sterreich bzw. in der Gemeinde als untunlich erscheinen lassen liegen nicht vor. M. war nicht Mitglied der NSDAP und geh\u00f6rte auch keiner ihrer Gliederungen an. Sonstige Umst\u00e4nde, die im besonderen Ma\u00dfe f\u00fcr oder gegen den Gesuchsteller sprechen, sind nicht bekannt.\u201c<br \/>\n<\/em><em>Der prov. Postenkommandant, am 3. Feber 1950<br \/>\n<\/em>(BLA, Reg. Archiv. Abt. XII. Umsiedlung 1950. Zl. XII A 94\/2\/267)<\/p>\n<\/div><div class=\"fusion-clearfix\"><\/div><\/div><\/div><\/div><\/div>\n","protected":false},"excerpt":{"rendered":"<p>Unter der gro\u00dfen Zahl an ganzj\u00e4hrig an Gutsh\u00f6fen besch\u00e4ftigten Landarbeitern, den Deputatisten, gab es auch die Melker, auch Schweizer genannt. <\/p>\n","protected":false},"author":3,"featured_media":1754,"comment_status":"open","ping_status":"open","sticky":false,"template":"","format":"standard","meta":{"footnotes":""},"categories":[279,17,41],"tags":[81],"class_list":["post-1753","post","type-post","status-publish","format-standard","has-post-thumbnail","hentry","category-279","category-landwirtschaft","category-soziales","tag-guessing"],"_links":{"self":[{"href":"https:\/\/www.brettl.at\/blog\/wp-json\/wp\/v2\/posts\/1753","targetHints":{"allow":["GET"]}}],"collection":[{"href":"https:\/\/www.brettl.at\/blog\/wp-json\/wp\/v2\/posts"}],"about":[{"href":"https:\/\/www.brettl.at\/blog\/wp-json\/wp\/v2\/types\/post"}],"author":[{"embeddable":true,"href":"https:\/\/www.brettl.at\/blog\/wp-json\/wp\/v2\/users\/3"}],"replies":[{"embeddable":true,"href":"https:\/\/www.brettl.at\/blog\/wp-json\/wp\/v2\/comments?post=1753"}],"version-history":[{"count":5,"href":"https:\/\/www.brettl.at\/blog\/wp-json\/wp\/v2\/posts\/1753\/revisions"}],"predecessor-version":[{"id":4509,"href":"https:\/\/www.brettl.at\/blog\/wp-json\/wp\/v2\/posts\/1753\/revisions\/4509"}],"wp:featuredmedia":[{"embeddable":true,"href":"https:\/\/www.brettl.at\/blog\/wp-json\/wp\/v2\/media\/1754"}],"wp:attachment":[{"href":"https:\/\/www.brettl.at\/blog\/wp-json\/wp\/v2\/media?parent=1753"}],"wp:term":[{"taxonomy":"category","embeddable":true,"href":"https:\/\/www.brettl.at\/blog\/wp-json\/wp\/v2\/categories?post=1753"},{"taxonomy":"post_tag","embeddable":true,"href":"https:\/\/www.brettl.at\/blog\/wp-json\/wp\/v2\/tags?post=1753"}],"curies":[{"name":"wp","href":"https:\/\/api.w.org\/{rel}","templated":true}]}}