{"id":1774,"date":"2017-10-08T08:06:17","date_gmt":"2017-10-08T06:06:17","guid":{"rendered":"http:\/\/www.brettl.at\/blog\/?p=1774"},"modified":"2024-09-02T17:04:46","modified_gmt":"2024-09-02T15:04:46","slug":"gemeinde-bittet-um-solidaritaet","status":"publish","type":"post","link":"https:\/\/www.brettl.at\/blog\/gemeinde-bittet-um-solidaritaet\/","title":{"rendered":"Gemeinde bittet um Solidarit\u00e4t"},"content":{"rendered":"<div class=\"fusion-fullwidth fullwidth-box fusion-builder-row-1 fusion-flex-container nonhundred-percent-fullwidth non-hundred-percent-height-scrolling\" style=\"--awb-border-radius-top-left:0px;--awb-border-radius-top-right:0px;--awb-border-radius-bottom-right:0px;--awb-border-radius-bottom-left:0px;--awb-flex-wrap:wrap;\" ><div class=\"fusion-builder-row fusion-row fusion-flex-align-items-flex-start fusion-flex-content-wrap\" style=\"max-width:1100.32px;margin-left: calc(-4% \/ 2 );margin-right: calc(-4% \/ 2 );\"><div class=\"fusion-layout-column fusion_builder_column fusion-builder-column-0 fusion_builder_column_1_1 1_1 fusion-flex-column\" style=\"--awb-bg-size:cover;--awb-width-large:100%;--awb-margin-top-large:0px;--awb-spacing-right-large:1.92%;--awb-margin-bottom-large:0px;--awb-spacing-left-large:1.92%;--awb-width-medium:100%;--awb-spacing-right-medium:1.92%;--awb-spacing-left-medium:1.92%;--awb-width-small:100%;--awb-spacing-right-small:1.92%;--awb-spacing-left-small:1.92%;\"><div class=\"fusion-column-wrapper fusion-flex-justify-content-flex-start fusion-content-layout-column\"><div class=\"fusion-text fusion-text-1\"><p><span lang=\"DE-AT\" style=\"font-family: 'Verdana',sans-serif; font-size: 11pt;\"><span style=\"color: #000000;\">1938 wurde die Gemeinde Kaisersteinbruch von dem NS-Regime aufgel\u00f6st, die Bev\u00f6lkerung zwangsweise ausgesiedelt und deren Eigentum wie auch das Gemeindeeigentum dem Deutschen Reich einverleibt. Nach dem Ende des 2. Weltkrieges und dem Fall des NS-Staates begann die Bev\u00f6lkerung mit der Wiedererrichtung der Gemeinde.<br \/>\n<a href=\"http:\/\/www.brettl.at\/wp-content\/uploads\/2017\/10\/068.jpg\"><img decoding=\"async\" class=\"alignleft size-medium wp-image-1775\" src=\"http:\/\/www.brettl.at\/wp-content\/uploads\/2017\/10\/068-300x230.jpg\" alt=\"Kaisersteinbruch\" width=\"300\" height=\"230\" srcset=\"https:\/\/www.brettl.at\/wp-content\/uploads\/2017\/10\/068-200x153.jpg 200w, https:\/\/www.brettl.at\/wp-content\/uploads\/2017\/10\/068-300x230.jpg 300w, https:\/\/www.brettl.at\/wp-content\/uploads\/2017\/10\/068-400x306.jpg 400w, https:\/\/www.brettl.at\/wp-content\/uploads\/2017\/10\/068-600x459.jpg 600w, https:\/\/www.brettl.at\/wp-content\/uploads\/2017\/10\/068-768x588.jpg 768w, https:\/\/www.brettl.at\/wp-content\/uploads\/2017\/10\/068.jpg 800w\" sizes=\"(max-width: 300px) 100vw, 300px\" \/><\/a><\/span><\/span><span lang=\"DE-AT\" style=\"font-family: 'Verdana',sans-serif; font-size: 11pt;\"><span style=\"color: #000000;\">Im August 1950 wandte sich die Gemeinde mit einem Bittbrief an die B\u00fcrgermeister des Bezirkes: \u201e[\u2026] Nach langwierigen Verhandlungen und \u00dcberwindung gr\u00f6\u00dfter Schwierigkeiten ist es dem derzeitigen Gemeinderat gelungen, einen Teil der Bev\u00f6lkerung wieder anzusiedeln und den Haus- und Grundbesitz der Gemeinde sicherzustellen. Jedoch zwei Drittel des ehemaligen privaten Hausbesitzes und 80% vom Hausbesitz der Gemeinde, darunter Gemeindevolksschule und Lehrerwohnung, sind heute noch ein Tr\u00fcmmerhaufen. Der Rest mit Kirche ist zum Teil schwer besch\u00e4digt. [\u2026]\n<\/span><\/span><span lang=\"DE-AT\" style=\"font-family: 'Verdana',sans-serif; font-size: 11pt;\"><span style=\"color: #000000;\">Vom Land und Bund, die selbst ein Notopfer von den Gemeinden einheben, sind derzeit keine Mittel f\u00fcr den Wiederaufbau zu bekommen. [\u2026] Um dieser trostlosen Lage einigerma\u00dfen zu begegnen, in der sich unsere liebe Heimatgemeinde, von uns unverschuldet, befindet, wenden wir uns mit der innigsten Bitte an Sie, sehr geehrter Herr B\u00fcrgermeister, Ihre Gemeinde wolle unser schwieriges Aufbauwerk mit einer kleinen Spende unterst\u00fctzen. Betrachten Sie, geehrter Herr B\u00fcrgermeister und der Ihnen zur Seite stehende Gemeinderat unseren Hilferuf nicht als l\u00e4stige Bettelei. F\u00fcr uns gilt es die verlorene Heimat wieder zur\u00fcckzugewinnen. Was sie uns wert war, das haben wir erst so richtig erkannt, als wir sie verloren hatten. Vielleicht waren gerade wir vom Schicksal dazu auserkoren, dieses gro\u00dfe \u00f6sterreichische Opfer auf uns zu nehmen, damit es anderen Gemeinden erspart geblieben ist.<br \/>\n<\/span><\/span><span lang=\"DE-AT\" style=\"font-family: 'Verdana',sans-serif; font-size: 11pt;\"><span style=\"color: #000000;\">Unser innigster Wunsch, der zugleich der Dank f\u00fcr ihre geneigte Hilfsbereitschaft sein soll. Geht dahin, da\u00df die Bev\u00f6lkerung ihrer lieben Heimatgemeinde von dem traurigen Schicksal \u201eHeimatlos\u201c in alle Ewigkeit verschont bleiben m\u00f6ge.\u201c Der B\u00fcrgermeister f\u00fcr die Gemeinde Kaisersteinbruch<br \/>\n<\/span><\/span><span lang=\"DE-AT\" style=\"font-family: 'Verdana',sans-serif; font-size: 9pt;\"><span style=\"color: #000000;\">(Gemeindearchiv Halbturn, Korr. 1950. o.Z.)<\/span><\/span><\/p>\n<\/div><\/div><\/div><\/div><\/div>\n","protected":false},"excerpt":{"rendered":"<p>1938 wurde die Gemeinde Kaisersteinbruch von dem NS-Regime aufgel\u00f6st, die Bev\u00f6lkerung zwangsweise ausgesiedelt und deren Eigentum wie auch das Gemeindeeigentum dem Deutschen Reich einverleibt. <\/p>\n","protected":false},"author":3,"featured_media":1775,"comment_status":"open","ping_status":"open","sticky":false,"template":"","format":"standard","meta":{"footnotes":""},"categories":[279,69],"tags":[157],"class_list":["post-1774","post","type-post","status-publish","format-standard","has-post-thumbnail","hentry","category-279","category-besatzungszeit","tag-kaisersteinbruch"],"_links":{"self":[{"href":"https:\/\/www.brettl.at\/blog\/wp-json\/wp\/v2\/posts\/1774","targetHints":{"allow":["GET"]}}],"collection":[{"href":"https:\/\/www.brettl.at\/blog\/wp-json\/wp\/v2\/posts"}],"about":[{"href":"https:\/\/www.brettl.at\/blog\/wp-json\/wp\/v2\/types\/post"}],"author":[{"embeddable":true,"href":"https:\/\/www.brettl.at\/blog\/wp-json\/wp\/v2\/users\/3"}],"replies":[{"embeddable":true,"href":"https:\/\/www.brettl.at\/blog\/wp-json\/wp\/v2\/comments?post=1774"}],"version-history":[{"count":4,"href":"https:\/\/www.brettl.at\/blog\/wp-json\/wp\/v2\/posts\/1774\/revisions"}],"predecessor-version":[{"id":4506,"href":"https:\/\/www.brettl.at\/blog\/wp-json\/wp\/v2\/posts\/1774\/revisions\/4506"}],"wp:featuredmedia":[{"embeddable":true,"href":"https:\/\/www.brettl.at\/blog\/wp-json\/wp\/v2\/media\/1775"}],"wp:attachment":[{"href":"https:\/\/www.brettl.at\/blog\/wp-json\/wp\/v2\/media?parent=1774"}],"wp:term":[{"taxonomy":"category","embeddable":true,"href":"https:\/\/www.brettl.at\/blog\/wp-json\/wp\/v2\/categories?post=1774"},{"taxonomy":"post_tag","embeddable":true,"href":"https:\/\/www.brettl.at\/blog\/wp-json\/wp\/v2\/tags?post=1774"}],"curies":[{"name":"wp","href":"https:\/\/api.w.org\/{rel}","templated":true}]}}