{"id":1790,"date":"2017-10-18T07:36:41","date_gmt":"2017-10-18T05:36:41","guid":{"rendered":"http:\/\/www.brettl.at\/blog\/?p=1790"},"modified":"2024-09-02T17:04:35","modified_gmt":"2024-09-02T15:04:35","slug":"saure-milch-im-sommer","status":"publish","type":"post","link":"https:\/\/www.brettl.at\/blog\/saure-milch-im-sommer\/","title":{"rendered":"Saure Milch im Sommer"},"content":{"rendered":"<div class=\"fusion-fullwidth fullwidth-box fusion-builder-row-1 nonhundred-percent-fullwidth non-hundred-percent-height-scrolling\" style=\"--awb-border-radius-top-left:0px;--awb-border-radius-top-right:0px;--awb-border-radius-bottom-right:0px;--awb-border-radius-bottom-left:0px;--awb-flex-wrap:wrap;\" ><div class=\"fusion-builder-row fusion-row\"><div class=\"fusion-layout-column fusion_builder_column fusion-builder-column-0 fusion_builder_column_1_1 1_1 fusion-one-full fusion-column-first fusion-column-last\" style=\"--awb-bg-size:cover;--awb-margin-bottom:0px;\"><div class=\"fusion-column-wrapper fusion-flex-column-wrapper-legacy\"><div class=\"fusion-text fusion-text-1\"><p><span style=\"color: #000000;\"><span lang=\"DE-AT\" style=\"font-family: 'Verdana',sans-serif; font-size: 11pt;\">Der Seewinkel, \u00f6stlich des Neusiedler Sees, besitzt keine Bahnverbindung. Der Transport der leicht verderblichen Milch zur Molkerei stellte an hei\u00dfen Sommertagen eine Herausforderung dar. Man fand aber eine L\u00f6sung, wie <\/span><span lang=\"DE-AT\" style=\"font-family: 'Verdana',sans-serif; font-size: 11pt;\">\u201eDer Freie Burgenl\u00e4nder&#8221; am 28.4.1929 notierte:<br \/>\n<a href=\"http:\/\/www.brettl.at\/wp-content\/uploads\/2017\/10\/Milch.jpg\"><img decoding=\"async\" class=\"alignleft size-medium wp-image-1791\" src=\"http:\/\/www.brettl.at\/wp-content\/uploads\/2017\/10\/Milch-300x225.jpg\" alt=\"Milch\" width=\"300\" height=\"225\" srcset=\"https:\/\/www.brettl.at\/wp-content\/uploads\/2017\/10\/Milch-200x150.jpg 200w, https:\/\/www.brettl.at\/wp-content\/uploads\/2017\/10\/Milch-300x225.jpg 300w, https:\/\/www.brettl.at\/wp-content\/uploads\/2017\/10\/Milch-400x300.jpg 400w, https:\/\/www.brettl.at\/wp-content\/uploads\/2017\/10\/Milch-600x450.jpg 600w, https:\/\/www.brettl.at\/wp-content\/uploads\/2017\/10\/Milch-768x576.jpg 768w, https:\/\/www.brettl.at\/wp-content\/uploads\/2017\/10\/Milch.jpg 800w\" sizes=\"(max-width: 300px) 100vw, 300px\" \/><\/a><\/span><\/span><span lang=\"DE-AT\" style=\"font-family: 'Verdana',sans-serif; font-size: 11pt;\"><span style=\"color: #000000;\">\u201eDa die Podersdorfer eine weite Strecke zur Bahn haben, wurde ihnen im Sommer immer sehr viel Milch sauer, wodurch die Milchgenossenschaft oft betr\u00e4chtlichen Schaden erlitt. Um diesem \u00dcbel abzuhelfen, haben die Milchgenossenschaften lllmitz, Apetlon und Podersdorf beschlossen, \u00fcber die Sommermonate ein Auto zu mieten, das die Milch direkt nach Wien f\u00fchrt. Den Transport bekam der Autounternehmer Steiner in Podersdorf, der nun seit 16. April die Milch zu vollen Zufriedenheit der Gemeinde nach Wien liefert.\u201c<\/span><\/span><\/p>\n<p>&nbsp;<\/p>\n<\/div><div class=\"fusion-clearfix\"><\/div><\/div><\/div><\/div><\/div>\n","protected":false},"excerpt":{"rendered":"<p>Der Seewinkel, \u00f6stlich des Neusiedler Sees, besitzt keine Bahnverbindung. Der Transport der Milch zur Molkerei stellte an hei\u00dfen Sommertagen eine Herausforderung dar. <\/p>\n","protected":false},"author":3,"featured_media":1791,"comment_status":"open","ping_status":"open","sticky":false,"template":"","format":"standard","meta":{"footnotes":""},"categories":[279,17],"tags":[70,66,44],"class_list":["post-1790","post","type-post","status-publish","format-standard","has-post-thumbnail","hentry","category-279","category-landwirtschaft","tag-apetlon","tag-illmitz","tag-podersdorf"],"_links":{"self":[{"href":"https:\/\/www.brettl.at\/blog\/wp-json\/wp\/v2\/posts\/1790","targetHints":{"allow":["GET"]}}],"collection":[{"href":"https:\/\/www.brettl.at\/blog\/wp-json\/wp\/v2\/posts"}],"about":[{"href":"https:\/\/www.brettl.at\/blog\/wp-json\/wp\/v2\/types\/post"}],"author":[{"embeddable":true,"href":"https:\/\/www.brettl.at\/blog\/wp-json\/wp\/v2\/users\/3"}],"replies":[{"embeddable":true,"href":"https:\/\/www.brettl.at\/blog\/wp-json\/wp\/v2\/comments?post=1790"}],"version-history":[{"count":3,"href":"https:\/\/www.brettl.at\/blog\/wp-json\/wp\/v2\/posts\/1790\/revisions"}],"predecessor-version":[{"id":4505,"href":"https:\/\/www.brettl.at\/blog\/wp-json\/wp\/v2\/posts\/1790\/revisions\/4505"}],"wp:featuredmedia":[{"embeddable":true,"href":"https:\/\/www.brettl.at\/blog\/wp-json\/wp\/v2\/media\/1791"}],"wp:attachment":[{"href":"https:\/\/www.brettl.at\/blog\/wp-json\/wp\/v2\/media?parent=1790"}],"wp:term":[{"taxonomy":"category","embeddable":true,"href":"https:\/\/www.brettl.at\/blog\/wp-json\/wp\/v2\/categories?post=1790"},{"taxonomy":"post_tag","embeddable":true,"href":"https:\/\/www.brettl.at\/blog\/wp-json\/wp\/v2\/tags?post=1790"}],"curies":[{"name":"wp","href":"https:\/\/api.w.org\/{rel}","templated":true}]}}