{"id":1827,"date":"2017-11-20T07:30:28","date_gmt":"2017-11-20T06:30:28","guid":{"rendered":"http:\/\/www.brettl.at\/blog\/?p=1827"},"modified":"2024-09-02T17:06:55","modified_gmt":"2024-09-02T15:06:55","slug":"juedische-kauflustige-sind-auszuschliessen","status":"publish","type":"post","link":"https:\/\/www.brettl.at\/blog\/juedische-kauflustige-sind-auszuschliessen\/","title":{"rendered":"J\u00fcdische Kauflustige sind auszuschlie\u00dfen"},"content":{"rendered":"<div class=\"fusion-fullwidth fullwidth-box fusion-builder-row-1 nonhundred-percent-fullwidth non-hundred-percent-height-scrolling\" style=\"--awb-border-radius-top-left:0px;--awb-border-radius-top-right:0px;--awb-border-radius-bottom-right:0px;--awb-border-radius-bottom-left:0px;--awb-flex-wrap:wrap;\" ><div class=\"fusion-builder-row fusion-row\"><div class=\"fusion-layout-column fusion_builder_column fusion-builder-column-0 fusion_builder_column_1_1 1_1 fusion-one-full fusion-column-first fusion-column-last\" style=\"--awb-bg-size:cover;--awb-margin-bottom:0px;\"><div class=\"fusion-column-wrapper fusion-flex-column-wrapper-legacy\"><div class=\"fusion-text fusion-text-1\"><p>Bereits in den 1920er Jahren entwickelte sich der Zicksee bei St. Andr\u00e4 zu einem beliebten Urlaubsziel. Die meist aus Wien stammenden Urlaubsg\u00e4ste sch\u00e4tzten die angenehmen Wasser- und Lufttemperaturen und die gute Erreichbarkeit. In nur wenigen Jahren wurden Gast- und Beherbergungsbetriebe und eine Strandinfrastruktur gebaut. Auch der Trend der G\u00e4ste, sich ein Wochenendhaus am Zicksee errichten zu wollen, wurde zunehmend bemerkbar. Der Amtsleiter aus St. Andr\u00e4 machte sich 1927 so seine Gedanken, wie die Gemeinde diese Tendenz n\u00fctzen k\u00f6nnte. Dabei kommt auch der Antisemitismus, wohl dem Zeitgeist entsprechend, zum Vorschein.<br \/>\n<a href=\"http:\/\/www.brettl.at\/wp-content\/uploads\/2017\/11\/JUden.jpg\"><img decoding=\"async\" class=\"alignleft size-medium wp-image-1828\" src=\"http:\/\/www.brettl.at\/wp-content\/uploads\/2017\/11\/JUden-300x98.jpg\" alt=\"Juden\" width=\"300\" height=\"98\" srcset=\"https:\/\/www.brettl.at\/wp-content\/uploads\/2017\/11\/JUden-200x65.jpg 200w, https:\/\/www.brettl.at\/wp-content\/uploads\/2017\/11\/JUden-300x98.jpg 300w, https:\/\/www.brettl.at\/wp-content\/uploads\/2017\/11\/JUden-400x130.jpg 400w, https:\/\/www.brettl.at\/wp-content\/uploads\/2017\/11\/JUden.jpg 529w\" sizes=\"(max-width: 300px) 100vw, 300px\" \/><\/a>\u201eAn den Hochgeehrten Gemeinderat in St. Andr\u00e4. Wie allj\u00e4hrlich sind auch heuer schon Anfragen gekommen, wann einmal die Wirtschaftsgemeinde auf der zwischen dem Zicksee und Eisenbahn liegenden Hutweide Haus-u. Villenpl\u00e4tze verkaufen wird, und ob welche zu haben sind. Gefertigter ersucht daher, m\u00f6ge der l\u00f6bl. Gemeinderat im Interesse der im Aufbl\u00fchung begriffenen Gemeinde St. Andr\u00e4 mit allen gesetzlichen Mitteln dahin wirken zu wollen, dass man den Fremden die gew\u00fcnschte Haus -u. Villenpl\u00e4tze zu bescheidenen Preis zuweist; es wird weiters ersucht, beschliessen zu wollen, wo und wie grosse Pl\u00e4tze verkauft werden, j\u00fcdische Kauflustige auszuschliessen, weil die Auschliessung von einer grossen Bedeutung ist [&#8230;]\nWeiters wird bekanntgegeben, dass die Gemeinder\u00e4te aus Neusiedl am See und Ortschaft Podersdorf schon im Vorjahre ihre Gemeinden f\u00fcr Kurorte erkl\u00e4ren haben lassen, wodurch sie als Kurort mehr bekannt werden und im Fremdenverkehr Angelegenheit vieles erreichen k\u00f6nnen.<br \/>\nGefertigter ersucht aus obigen Grunde, der l\u00f6bl. Gemeinderat m\u00f6ge mit stolz und mit vollen Recht unsere Gemeinde dem obigen Beispiel folgend auch f\u00fcr KURORT erkl\u00e4ren lassen zu wollen und den Gemeindenamen \u201eSt.Andr\u00e4 bei Frauenkirchen\u201c auf \u201eBAD ST. ANDR\u00c4 um\u00e4ndern, bzw. diese Um\u00e4nderung durch den burgl. Landtag zum Gesetz erheben lassen zu wollen.<br \/>\nDamit ist alles erreicht und was f\u00fcr eine Bedeutung diese \u00c4nderungen auf die bl\u00fchende Gemeinde haben werden, ben\u00f6tigt keine weitere Aufkl\u00e4rung. Wir sehen heute schon, dass die Gemeinde einer guten Zukunft entgegen sieht, und mit gemeinsamen Hilfe und Harmonie wird das Werk f\u00fcr unsere Nachkommen bestimmt fertig gebaut!!!!! Hochachtungsvoll Leitender Amtmann: Strandbadunternehmer.\u201c<br \/>\n(Gemeinderatsprotokolle, Privatarchiv)<\/p>\n<\/div><div class=\"fusion-clearfix\"><\/div><\/div><\/div><\/div><\/div>\n","protected":false},"excerpt":{"rendered":"<p>Bereits in den 1920er Jahren entwickelte sich der Zicksee bei St. Andr\u00e4 zu einem beliebten Urlaubsziel. <\/p>\n","protected":false},"author":3,"featured_media":1828,"comment_status":"open","ping_status":"open","sticky":false,"template":"","format":"standard","meta":{"footnotes":""},"categories":[279,67,29],"tags":[18],"class_list":["post-1827","post","type-post","status-publish","format-standard","has-post-thumbnail","hentry","category-279","category-fremdenverkehr","category-judentum","tag-st-andrae"],"_links":{"self":[{"href":"https:\/\/www.brettl.at\/blog\/wp-json\/wp\/v2\/posts\/1827","targetHints":{"allow":["GET"]}}],"collection":[{"href":"https:\/\/www.brettl.at\/blog\/wp-json\/wp\/v2\/posts"}],"about":[{"href":"https:\/\/www.brettl.at\/blog\/wp-json\/wp\/v2\/types\/post"}],"author":[{"embeddable":true,"href":"https:\/\/www.brettl.at\/blog\/wp-json\/wp\/v2\/users\/3"}],"replies":[{"embeddable":true,"href":"https:\/\/www.brettl.at\/blog\/wp-json\/wp\/v2\/comments?post=1827"}],"version-history":[{"count":4,"href":"https:\/\/www.brettl.at\/blog\/wp-json\/wp\/v2\/posts\/1827\/revisions"}],"predecessor-version":[{"id":4143,"href":"https:\/\/www.brettl.at\/blog\/wp-json\/wp\/v2\/posts\/1827\/revisions\/4143"}],"wp:featuredmedia":[{"embeddable":true,"href":"https:\/\/www.brettl.at\/blog\/wp-json\/wp\/v2\/media\/1828"}],"wp:attachment":[{"href":"https:\/\/www.brettl.at\/blog\/wp-json\/wp\/v2\/media?parent=1827"}],"wp:term":[{"taxonomy":"category","embeddable":true,"href":"https:\/\/www.brettl.at\/blog\/wp-json\/wp\/v2\/categories?post=1827"},{"taxonomy":"post_tag","embeddable":true,"href":"https:\/\/www.brettl.at\/blog\/wp-json\/wp\/v2\/tags?post=1827"}],"curies":[{"name":"wp","href":"https:\/\/api.w.org\/{rel}","templated":true}]}}