{"id":1860,"date":"2017-12-20T07:34:30","date_gmt":"2017-12-20T06:34:30","guid":{"rendered":"http:\/\/www.brettl.at\/blog\/?p=1860"},"modified":"2024-09-02T17:07:26","modified_gmt":"2024-09-02T15:07:26","slug":"der-eiserne-vorhang-wird-wieder-heruntergelassen","status":"publish","type":"post","link":"https:\/\/www.brettl.at\/blog\/der-eiserne-vorhang-wird-wieder-heruntergelassen\/","title":{"rendered":"Der \u201eEiserne Vorhang\u201c wird wieder heruntergelassen"},"content":{"rendered":"<div class=\"fusion-fullwidth fullwidth-box fusion-builder-row-1 nonhundred-percent-fullwidth non-hundred-percent-height-scrolling\" style=\"--awb-border-radius-top-left:0px;--awb-border-radius-top-right:0px;--awb-border-radius-bottom-right:0px;--awb-border-radius-bottom-left:0px;--awb-flex-wrap:wrap;\" ><div class=\"fusion-builder-row fusion-row\"><div class=\"fusion-layout-column fusion_builder_column fusion-builder-column-0 fusion_builder_column_1_1 1_1 fusion-one-full fusion-column-first fusion-column-last\" style=\"--awb-bg-size:cover;--awb-margin-bottom:0px;\"><div class=\"fusion-column-wrapper fusion-flex-column-wrapper-legacy\"><div class=\"fusion-text fusion-text-1\"><p>Nur kurz w\u00e4hrte die Hoffnung, sowohl auf ungarischer als auch auf \u00f6sterreichischer Seite, dass sich nach dem Tauwetter Mitte der 1950er Jahre die Grenze wieder \u00f6ffnen werde. Im Gegenteil, nach der Niederschlagung des Aufstandes 1956 begann man in Ungarn mit einer abermaligen Errichtung des \u201eEisernen Vorhanges\u201c. Dieser wurde noch dichter und massiver hochgezogen.<br \/>\n<a href=\"http:\/\/www.brettl.at\/wp-content\/uploads\/2017\/12\/Grenze.jpg\"><img decoding=\"async\" class=\"alignleft size-medium wp-image-1861\" src=\"http:\/\/www.brettl.at\/wp-content\/uploads\/2017\/12\/Grenze-300x218.jpg\" alt=\"Grenze\" width=\"300\" height=\"218\" srcset=\"https:\/\/www.brettl.at\/wp-content\/uploads\/2017\/12\/Grenze-200x145.jpg 200w, https:\/\/www.brettl.at\/wp-content\/uploads\/2017\/12\/Grenze-300x218.jpg 300w, https:\/\/www.brettl.at\/wp-content\/uploads\/2017\/12\/Grenze-400x290.jpg 400w, https:\/\/www.brettl.at\/wp-content\/uploads\/2017\/12\/Grenze.jpg 577w\" sizes=\"(max-width: 300px) 100vw, 300px\" \/><\/a>Ausz\u00fcge aus der Chronik des Gendarmerieposten Eisenberg:<\/p>\n<ol start=\"10\">\n<li><em> Juni 1957:<\/em> <em>Die Wiedererrichtung des Grenzzaunes wurde im hierortigen \u00dcberwachungsrayon abgeschlossen. Der sogenannte Eiserne Vorhang hat sich somit neuerlich \u00fcber unser Nachbarland gesenkt.<\/em><\/li>\n<li><em> Juni 1957: Im Grenzgebiet bei Deutsch Sch\u00fctzen haben etwa 300 ungarische Soldaten mit der Verlegung der Minen beim Stacheldrahtverhau begonnen.<\/em><\/li>\n<li><em> Juni 1957: Beendigung des Verlegens der Minen im Stacheldrahtverhau im hierortigen Grenzgebiet. Somit ist hier die Staatsgrenze mit einem doppelten Stacheldrahtverhau und einen Mineng\u00fcrtel von drei bis vier Reihen versehen. Die Ungarn k\u00f6nnen daher nicht nach \u00d6sterreich fl\u00fcchten.<\/em><\/li>\n<li><em> Oktober 1958: Wachturm und Flusssperren &#8211; Errichtung: Im Grenzgebiet bei Deutsch Sch\u00fctzen wurde von den Ungarn an Stelle eines Wachturmes aus Holz ein solcher aus Eisen von etwa 25 Meter H\u00f6he errichtet. Ferner wurde von den Ungarn quer \u00fcber den Pinkaflu\u00df eine Flusssperre aus zwei kippbaren Eisengittertoren errichtet.<br \/>\n<\/em>(Wolfgang Bachk\u00f6nig, Heimat, warum musste ich dich verlassen?\u201c Munderfing 2016, S. 48)<\/li>\n<\/ol>\n<\/div><div class=\"fusion-clearfix\"><\/div><\/div><\/div><\/div><\/div>\n","protected":false},"excerpt":{"rendered":"<p>Nur kurz w\u00e4hrte die Hoffnung, sowohl auf ungarischer als auch auf \u00f6sterreichischer Seite, dass sich nach dem Tauwetter Mitte der 1950er Jahre die Grenze wieder \u00f6ffnen werde. <\/p>\n","protected":false},"author":3,"featured_media":1861,"comment_status":"open","ping_status":"open","sticky":false,"template":"","format":"standard","meta":{"footnotes":""},"categories":[279,95],"tags":[130,160],"class_list":["post-1860","post","type-post","status-publish","format-standard","has-post-thumbnail","hentry","category-279","category-nach-1955-politik","tag-dt-schuetzen","tag-eisenberg"],"_links":{"self":[{"href":"https:\/\/www.brettl.at\/blog\/wp-json\/wp\/v2\/posts\/1860","targetHints":{"allow":["GET"]}}],"collection":[{"href":"https:\/\/www.brettl.at\/blog\/wp-json\/wp\/v2\/posts"}],"about":[{"href":"https:\/\/www.brettl.at\/blog\/wp-json\/wp\/v2\/types\/post"}],"author":[{"embeddable":true,"href":"https:\/\/www.brettl.at\/blog\/wp-json\/wp\/v2\/users\/3"}],"replies":[{"embeddable":true,"href":"https:\/\/www.brettl.at\/blog\/wp-json\/wp\/v2\/comments?post=1860"}],"version-history":[{"count":2,"href":"https:\/\/www.brettl.at\/blog\/wp-json\/wp\/v2\/posts\/1860\/revisions"}],"predecessor-version":[{"id":4522,"href":"https:\/\/www.brettl.at\/blog\/wp-json\/wp\/v2\/posts\/1860\/revisions\/4522"}],"wp:featuredmedia":[{"embeddable":true,"href":"https:\/\/www.brettl.at\/blog\/wp-json\/wp\/v2\/media\/1861"}],"wp:attachment":[{"href":"https:\/\/www.brettl.at\/blog\/wp-json\/wp\/v2\/media?parent=1860"}],"wp:term":[{"taxonomy":"category","embeddable":true,"href":"https:\/\/www.brettl.at\/blog\/wp-json\/wp\/v2\/categories?post=1860"},{"taxonomy":"post_tag","embeddable":true,"href":"https:\/\/www.brettl.at\/blog\/wp-json\/wp\/v2\/tags?post=1860"}],"curies":[{"name":"wp","href":"https:\/\/api.w.org\/{rel}","templated":true}]}}