{"id":1909,"date":"2018-02-01T08:12:36","date_gmt":"2018-02-01T07:12:36","guid":{"rendered":"http:\/\/www.brettl.at\/blog\/?p=1909"},"modified":"2024-09-02T17:09:30","modified_gmt":"2024-09-02T15:09:30","slug":"aufloesung-des-ns-dominierten-gemeinderates","status":"publish","type":"post","link":"https:\/\/www.brettl.at\/blog\/aufloesung-des-ns-dominierten-gemeinderates\/","title":{"rendered":"Aufl\u00f6sung des NS-dominierten Gemeinderates"},"content":{"rendered":"<div class=\"fusion-fullwidth fullwidth-box fusion-builder-row-1 nonhundred-percent-fullwidth non-hundred-percent-height-scrolling\" style=\"--awb-border-radius-top-left:0px;--awb-border-radius-top-right:0px;--awb-border-radius-bottom-right:0px;--awb-border-radius-bottom-left:0px;--awb-flex-wrap:wrap;\" ><div class=\"fusion-builder-row fusion-row\"><div class=\"fusion-layout-column fusion_builder_column fusion-builder-column-0 fusion_builder_column_1_1 1_1 fusion-one-full fusion-column-first fusion-column-last\" style=\"--awb-bg-size:cover;--awb-margin-bottom:0px;\"><div class=\"fusion-column-wrapper fusion-flex-column-wrapper-legacy\"><div class=\"fusion-text fusion-text-1\"><p><span style=\"font-family: 'Verdana',sans-serif; font-size: 9pt;\"><span style=\"color: #000000;\">\u00a0<\/span><\/span><span style=\"color: #000000;\"><span style=\"font-family: 'Verdana',sans-serif; font-size: 9pt;\">Nach einer Serie von nationalsozialistischen Terroranschl\u00e4gen wurde die NSDAP im Juni 1933 in \u00d6sterreich verboten. Aus diesem Grund wurde am 9. November 1933 den acht nationalsozialistischen Gemeinder\u00e4ten, die zuvor dem Landbund angeh\u00f6rten und danach zur NSDAP wechselten, ihr Mandat aberkannt und der M\u00f6rbischer Gemeinderat aufgel\u00f6st. Das christlich-soziale und katholische Wochenblatt \u201eBurgenl\u00e4ndische Heimat\u201c berichtet am 2. Dezember 1933 \u00fcber die Situation und weist selbstgef\u00e4llig darauf hin, dass das \u201eNS-Fieber\u201c besonders die evangelischen Bewohner infiziert habe:<br \/>\n<\/span><\/span><span style=\"color: #000000;\"><span style=\"font-family: 'Verdana',sans-serif; font-size: 9pt;\"> <a href=\"http:\/\/www.brettl.at\/wp-content\/uploads\/2018\/02\/M\u00f6rbisch.jpg\"><img decoding=\"async\" class=\"alignleft size-medium wp-image-1910\" src=\"http:\/\/www.brettl.at\/wp-content\/uploads\/2018\/02\/M\u00f6rbisch-195x300.jpg\" alt=\"M\u00f6rbisch\" width=\"195\" height=\"300\" srcset=\"https:\/\/www.brettl.at\/wp-content\/uploads\/2018\/02\/M\u00f6rbisch-195x300.jpg 195w, https:\/\/www.brettl.at\/wp-content\/uploads\/2018\/02\/M\u00f6rbisch-200x308.jpg 200w, https:\/\/www.brettl.at\/wp-content\/uploads\/2018\/02\/M\u00f6rbisch.jpg 344w\" sizes=\"(max-width: 195px) 100vw, 195px\" \/><\/a><\/span><span style=\"font-family: 'Verdana',sans-serif; font-size: 9pt;\"><em>\u201eAufl\u00f6sung der Gemeindevorstehung. Schlie\u00dflich und endlich beginnt auch unsere Landesregierung den Schutt in unserer Gemeindevertretung aufzur\u00e4umen, da sich die hiesige Gemeindevertretung notwendigerweise aufgel\u00f6st hat. Der Gemeinderat bestand aus 8 Landb\u00fcndler, 4 Sozialdemokraten und 3 Christlichsozialen. Infolge hakenkreuzlerischer Giftmischerei verloren die Landb\u00fcndler und ein als christlichsozial gew\u00e4hlter Gemeinderat ihr patriotisches Denken, was beinahe bei jedem politischen Windsto\u00df geschieht und w\u00e4hlten vor Monaten Hitler zum Ehrenb\u00fcrger. Da schon fr\u00fcher eine einseitige und jetzt besonders eine fortsetzende Mi\u00dfwirtschaft eintrat und der fremdl\u00e4ndische Hitlergeist das Denken und Handeln unserer meisten evang. Mitb\u00fcrger ganz verwirrte, so wurde doch endlich ein Regierungskommiss\u00e4r eingesetzt, und zwar der hiesige Feuerwehrkommandant Tobias Halwax, der einzige Landb\u00fcndler, der allen Lockungen widerstand und mannhaft seiner Gesinnung treu blieb. Hoffentlich findet er eine Arznei oder einen Impfstoff, um die Hitlerseuche zu bek\u00e4mpfen, wenn nicht, soll er die fiebernden Hitlerk\u00f6pfe mit einer Dusche aus der Feuerspritze behandeln lassen. Vielleicht kommen dann die meisten zur Erkenntnis, da\u00df wir \u00d6sterreicher und Christen sind.&#8221; (Artinger Heribert, Chronik der Freistadt Rust. S. 165)<\/em><\/span><\/span><\/p>\n<p><span style=\"font-family: 'Verdana',sans-serif;\"><span style=\"color: #000000;\">\u00a0<\/span><\/span><\/p>\n<p>&nbsp;<\/p>\n<\/div><div class=\"fusion-clearfix\"><\/div><\/div><\/div><\/div><\/div>\n","protected":false},"excerpt":{"rendered":"<p>Nach einer Serie von nationalsozialistischen Terroranschl\u00e4gen wurde die NSDAP im Juni 1933 in \u00d6sterreich verboten. Aus diesem Grund wurde auch der M\u00f6rbischer Gemeinderat aufgel\u00f6st. <\/p>\n","protected":false},"author":3,"featured_media":1910,"comment_status":"open","ping_status":"open","sticky":false,"template":"","format":"standard","meta":{"footnotes":""},"categories":[280,48,10,20],"tags":[165],"class_list":["post-1909","post","type-post","status-publish","format-standard","has-post-thumbnail","hentry","category-280","category-nationalsozialismus","category-religion","category-zwischenkriegszeit","tag-moerbisch"],"_links":{"self":[{"href":"https:\/\/www.brettl.at\/blog\/wp-json\/wp\/v2\/posts\/1909","targetHints":{"allow":["GET"]}}],"collection":[{"href":"https:\/\/www.brettl.at\/blog\/wp-json\/wp\/v2\/posts"}],"about":[{"href":"https:\/\/www.brettl.at\/blog\/wp-json\/wp\/v2\/types\/post"}],"author":[{"embeddable":true,"href":"https:\/\/www.brettl.at\/blog\/wp-json\/wp\/v2\/users\/3"}],"replies":[{"embeddable":true,"href":"https:\/\/www.brettl.at\/blog\/wp-json\/wp\/v2\/comments?post=1909"}],"version-history":[{"count":3,"href":"https:\/\/www.brettl.at\/blog\/wp-json\/wp\/v2\/posts\/1909\/revisions"}],"predecessor-version":[{"id":4529,"href":"https:\/\/www.brettl.at\/blog\/wp-json\/wp\/v2\/posts\/1909\/revisions\/4529"}],"wp:featuredmedia":[{"embeddable":true,"href":"https:\/\/www.brettl.at\/blog\/wp-json\/wp\/v2\/media\/1910"}],"wp:attachment":[{"href":"https:\/\/www.brettl.at\/blog\/wp-json\/wp\/v2\/media?parent=1909"}],"wp:term":[{"taxonomy":"category","embeddable":true,"href":"https:\/\/www.brettl.at\/blog\/wp-json\/wp\/v2\/categories?post=1909"},{"taxonomy":"post_tag","embeddable":true,"href":"https:\/\/www.brettl.at\/blog\/wp-json\/wp\/v2\/tags?post=1909"}],"curies":[{"name":"wp","href":"https:\/\/api.w.org\/{rel}","templated":true}]}}