{"id":1914,"date":"2018-02-06T07:26:43","date_gmt":"2018-02-06T06:26:43","guid":{"rendered":"http:\/\/www.brettl.at\/blog\/?p=1914"},"modified":"2024-09-02T17:09:35","modified_gmt":"2024-09-02T15:09:35","slug":"testament-einer-bemerkenswerten-frau","status":"publish","type":"post","link":"https:\/\/www.brettl.at\/blog\/testament-einer-bemerkenswerten-frau\/","title":{"rendered":"Testament einer bemerkenswerten Frau"},"content":{"rendered":"<div class=\"fusion-fullwidth fullwidth-box fusion-builder-row-1 fusion-flex-container nonhundred-percent-fullwidth non-hundred-percent-height-scrolling\" style=\"--awb-border-radius-top-left:0px;--awb-border-radius-top-right:0px;--awb-border-radius-bottom-right:0px;--awb-border-radius-bottom-left:0px;--awb-flex-wrap:wrap;\" ><div class=\"fusion-builder-row fusion-row fusion-flex-align-items-flex-start fusion-flex-content-wrap\" style=\"max-width:1100.32px;margin-left: calc(-4% \/ 2 );margin-right: calc(-4% \/ 2 );\"><div class=\"fusion-layout-column fusion_builder_column fusion-builder-column-0 fusion_builder_column_1_1 1_1 fusion-flex-column\" style=\"--awb-bg-size:cover;--awb-width-large:100%;--awb-margin-top-large:0px;--awb-spacing-right-large:1.92%;--awb-margin-bottom-large:0px;--awb-spacing-left-large:1.92%;--awb-width-medium:100%;--awb-spacing-right-medium:1.92%;--awb-spacing-left-medium:1.92%;--awb-width-small:100%;--awb-spacing-right-small:1.92%;--awb-spacing-left-small:1.92%;\"><div class=\"fusion-column-wrapper fusion-flex-justify-content-flex-start fusion-content-layout-column\"><div class=\"fusion-text fusion-text-1\"><p><span style=\"font-family: 'Verdana',sans-serif;\"><span style=\"color: #000000;\">Die Familie Wolf war wohl die bedeutendste und prominenteste j\u00fcdische Familie in Eisenstadt. 1790 gr\u00fcndete die Familie einen Weinhandel. Neben wirtschaftlichen Erfolgen <\/span><span style=\"color: #000000;\">bet\u00e4tigte sich die Familie auch als Unterst\u00fctzer von Wohlt\u00e4tigkeitsprojekten und k\u00fcnstlerische F\u00f6rderer. Nach dem Tode von Joachim Wolf f\u00fchrte seine Gattin Franziska (Frumet) das Unternehmen weiter. 1830 verfasste das Familienoberhaupt ein beeindruckendes und umfassendes Testament, das die finanziellen Angelegenheiten regelt und mit mahnenden Worten schlie\u00dft:<br \/>\n<\/span><\/span><span style=\"font-family: 'Verdana',sans-serif;\"><span style=\"color: #000000;\"><a href=\"http:\/\/www.brettl.at\/wp-content\/uploads\/2018\/02\/Faksimile-wolf-Kopie.jpg\"><img decoding=\"async\" class=\"alignleft size-medium wp-image-1915\" src=\"http:\/\/www.brettl.at\/wp-content\/uploads\/2018\/02\/Faksimile-wolf-Kopie-300x140.jpg\" alt=\"Eisenstadt\" width=\"300\" height=\"140\" srcset=\"https:\/\/www.brettl.at\/wp-content\/uploads\/2018\/02\/Faksimile-wolf-Kopie-200x93.jpg 200w, https:\/\/www.brettl.at\/wp-content\/uploads\/2018\/02\/Faksimile-wolf-Kopie-300x140.jpg 300w, https:\/\/www.brettl.at\/wp-content\/uploads\/2018\/02\/Faksimile-wolf-Kopie-400x186.jpg 400w, https:\/\/www.brettl.at\/wp-content\/uploads\/2018\/02\/Faksimile-wolf-Kopie.jpg 524w\" sizes=\"(max-width: 300px) 100vw, 300px\" \/><\/a>\u201eZum Abschiede sollt ich euch, meine lieben Kinder, Lehren und Lebensregeln hinterlassen, da Ihr aber alle erwachsen seyd, so kann ich euch keine solchen geben, wie man sie unm\u00fcndigen Kindern zu geben pflegt, ich werde mich daher auf einige zwar allgemeine, aber wichtige Lehren beschr\u00e4nken: Vornehmlich vermahne ich euch zur Tugend und Gottesfurcht, ohne welche Ihr weder ganz gl\u00fccklich auf Erden, noch jenseits Ruhe und Belohnung finden werdet. Seyd mit eurem Geschick, und mit dem, was Ihr habt, zufrieden und richtet Eure Bed\u00fcrfnisse nach eurem Einkommen ein, seyd friedfertig gegen Jedermann und unter Euch selbst. Lasset ja verderblichen Familien-Zwist keinen Zugang zu euch finden. Seyd vielmehr einig und unterst\u00fctzt euch gegenseitig mit Rath und That. Ihr m\u00fcsst Euch n\u00e4her und fester einander anschliessen. Ihr habt es n\u00f6thig und werdet es mehr als jemahls n\u00f6thig haben, wenn der f\u00fcr euch mehr als f\u00fcr mich, traurige Fall eintritt, dass eure Mutter aus eurer Mitte euch entrissen wird, und so \u2013 gleichsam der Mittelpunkt seinem Kreise entschwindet. \u2013 Lebet wohl und empfanget hiermit den Segen.<br \/>\n<\/span><\/span><span style=\"font-family: 'Verdana',sans-serif; font-size: 11pt;\"><span style=\"color: #000000;\">Eurer bis in den Todt treuen Mutter<br \/>\n<\/span><\/span><span style=\"font-family: 'Verdana',sans-serif; font-size: 11pt;\"><span style=\"color: #000000;\">S. S. Fani Wolff.<br \/>\n<\/span><\/span><span style=\"font-family: 'Verdana',sans-serif; font-size: 11pt;\"><span style=\"color: #000000;\">Eisenstadt, am 8-ten September 830.\u201c<br \/>\n<\/span><\/span><span style=\"font-family: 'Verdana',sans-serif;\"><span style=\"color: #000000;\">(in: <\/span><\/span><a href=\"http:\/\/www.ojm.at\/blog\/page\/3\/\"><span style=\"color: windowtext; font-family: 'Verdana',sans-serif; text-decoration: none; text-underline: none;\">http:\/\/www.ojm.at\/blog\/page\/3\/<\/span><\/a><span style=\"font-family: 'Verdana',sans-serif;\"><span style=\"color: #000000;\"> geschrieben von Johannes am 8. Juli 2015)<\/span><\/span><\/p>\n<\/div><\/div><\/div><\/div><\/div>\n","protected":false},"excerpt":{"rendered":"<p>Die Familie Wolf war wohl die bedeutendste und prominenteste j\u00fcdische Familie in Eisenstadt. 1790 gr\u00fcndete die Familie einen Weinhandel. <\/p>\n","protected":false},"author":3,"featured_media":1915,"comment_status":"open","ping_status":"open","sticky":false,"template":"","format":"standard","meta":{"footnotes":""},"categories":[280,29],"tags":[54],"class_list":["post-1914","post","type-post","status-publish","format-standard","has-post-thumbnail","hentry","category-280","category-judentum","tag-eisenstadt"],"_links":{"self":[{"href":"https:\/\/www.brettl.at\/blog\/wp-json\/wp\/v2\/posts\/1914","targetHints":{"allow":["GET"]}}],"collection":[{"href":"https:\/\/www.brettl.at\/blog\/wp-json\/wp\/v2\/posts"}],"about":[{"href":"https:\/\/www.brettl.at\/blog\/wp-json\/wp\/v2\/types\/post"}],"author":[{"embeddable":true,"href":"https:\/\/www.brettl.at\/blog\/wp-json\/wp\/v2\/users\/3"}],"replies":[{"embeddable":true,"href":"https:\/\/www.brettl.at\/blog\/wp-json\/wp\/v2\/comments?post=1914"}],"version-history":[{"count":3,"href":"https:\/\/www.brettl.at\/blog\/wp-json\/wp\/v2\/posts\/1914\/revisions"}],"predecessor-version":[{"id":4530,"href":"https:\/\/www.brettl.at\/blog\/wp-json\/wp\/v2\/posts\/1914\/revisions\/4530"}],"wp:featuredmedia":[{"embeddable":true,"href":"https:\/\/www.brettl.at\/blog\/wp-json\/wp\/v2\/media\/1915"}],"wp:attachment":[{"href":"https:\/\/www.brettl.at\/blog\/wp-json\/wp\/v2\/media?parent=1914"}],"wp:term":[{"taxonomy":"category","embeddable":true,"href":"https:\/\/www.brettl.at\/blog\/wp-json\/wp\/v2\/categories?post=1914"},{"taxonomy":"post_tag","embeddable":true,"href":"https:\/\/www.brettl.at\/blog\/wp-json\/wp\/v2\/tags?post=1914"}],"curies":[{"name":"wp","href":"https:\/\/api.w.org\/{rel}","templated":true}]}}