{"id":1948,"date":"2018-03-11T09:06:47","date_gmt":"2018-03-11T08:06:47","guid":{"rendered":"http:\/\/www.brettl.at\/blog\/?p=1948"},"modified":"2024-09-02T17:11:34","modified_gmt":"2024-09-02T15:11:34","slug":"mit-diesem-sabbat-begann-das-zerstoerungswerk","status":"publish","type":"post","link":"https:\/\/www.brettl.at\/blog\/mit-diesem-sabbat-begann-das-zerstoerungswerk\/","title":{"rendered":"\u201eMit diesem Sabbat begann das Zerst\u00f6rungswerk\u201c"},"content":{"rendered":"<div class=\"fusion-fullwidth fullwidth-box fusion-builder-row-1 fusion-flex-container nonhundred-percent-fullwidth non-hundred-percent-height-scrolling\" style=\"--awb-border-radius-top-left:0px;--awb-border-radius-top-right:0px;--awb-border-radius-bottom-right:0px;--awb-border-radius-bottom-left:0px;--awb-flex-wrap:wrap;\" ><div class=\"fusion-builder-row fusion-row fusion-flex-align-items-flex-start fusion-flex-content-wrap\" style=\"max-width:1100.32px;margin-left: calc(-4% \/ 2 );margin-right: calc(-4% \/ 2 );\"><div class=\"fusion-layout-column fusion_builder_column fusion-builder-column-0 fusion_builder_column_1_1 1_1 fusion-flex-column\" style=\"--awb-bg-size:cover;--awb-width-large:100%;--awb-margin-top-large:0px;--awb-spacing-right-large:1.92%;--awb-margin-bottom-large:0px;--awb-spacing-left-large:1.92%;--awb-width-medium:100%;--awb-spacing-right-medium:1.92%;--awb-spacing-left-medium:1.92%;--awb-width-small:100%;--awb-spacing-right-small:1.92%;--awb-spacing-left-small:1.92%;\"><div class=\"fusion-column-wrapper fusion-flex-justify-content-flex-start fusion-content-layout-column\"><div class=\"fusion-text fusion-text-1\"><p>Schon unmittelbar nach der Macht\u00fcbernahme zeigte der Nationalsozialismus im Schatten des Jubels sein wahres Gesicht. Noch in der Nacht vom 11. auf den 12. M\u00e4rz, noch vor dem Einmarsch der Deutschen Wehrmacht in \u00d6sterreich, kommt es in burgenl\u00e4ndischen D\u00f6rfern zu den ersten Verhaftungen, Drangsalierungen und zu antisemitischen Ausschreitungen.<\/p>\n<div id=\"attachment_1949\" style=\"width: 310px\" class=\"wp-caption alignleft\"><a href=\"http:\/\/www.brettl.at\/wp-content\/uploads\/2018\/03\/meinLeidensweg.jpg\"><img decoding=\"async\" aria-describedby=\"caption-attachment-1949\" class=\"size-medium wp-image-1949\" src=\"http:\/\/www.brettl.at\/wp-content\/uploads\/2018\/03\/meinLeidensweg-300x67.jpg\" alt=\"Judentum\" width=\"300\" height=\"67\" srcset=\"https:\/\/www.brettl.at\/wp-content\/uploads\/2018\/03\/meinLeidensweg-200x45.jpg 200w, https:\/\/www.brettl.at\/wp-content\/uploads\/2018\/03\/meinLeidensweg-300x67.jpg 300w, https:\/\/www.brettl.at\/wp-content\/uploads\/2018\/03\/meinLeidensweg-400x89.jpg 400w, https:\/\/www.brettl.at\/wp-content\/uploads\/2018\/03\/meinLeidensweg-600x134.jpg 600w, https:\/\/www.brettl.at\/wp-content\/uploads\/2018\/03\/meinLeidensweg.jpg 637w\" sizes=\"(max-width: 300px) 100vw, 300px\" \/><\/a><p id=\"caption-attachment-1949\" class=\"wp-caption-text\">Auszug aus den Aufzeichnungen von Moses Krausz \u00fcber die Vorf\u00e4lle in Frauenkirchen im Fr\u00fchjahr 1938.<\/p><\/div>\n<p>\u00dcber die Ereignisse vom 11.3.1938 in Frauenkirchen berichtet ein j\u00fcdischer Augenzeuge: <em>\u201eAls wir bei der Sabbat-Mahlzeit, Freitag abends 11. 3. 1938, zu Tisch sa\u00dfen, kam der P\u00f6bel aus Eisenstadt zur\u00fcck. Ein Demonstrationszug wurde veranstaltet, der stundenlang gedauert hat. Man h\u00f6rte das bekannte \u201aJuda verrecke!\u2018 und andere Fl\u00fcche, die im Chor gesprochen wurden und woran sich auch die christliche Elite aus purer Angst beteiligte. In dieses wilde Geheul mischten sich das Klirren der Fenster und das Krachen der zerbrochenen Scheiben. Nicht eine Scheibe der j\u00fcdischen Wohnungen und Gesch\u00e4fte blieb ganz. Das Get\u00f6se war so furchtbar, dass die erschreckten Kinder ihre Eltern sehnlichst baten, den Ort zu verlassen. Die Juden versteckten sich in Kellern und auf B\u00f6den, an Schlafen war nicht zu denken. Mit diesem Sabbat begann das Zerst\u00f6rungswerk.\u201c<br \/>\n<\/em>(Herbert Brettl: Die J\u00fcdische Gemeinde Frauenkirchen. Oberwart 2016. S. 168)<\/p>\n<\/div><\/div><\/div><\/div><\/div>\n","protected":false},"excerpt":{"rendered":"<p>Schon unmittelbar nach der Macht\u00fcbernahme zeigte der Nationalsozialismus im Schatten des Jubels sein wahres Gesicht. <\/p>\n","protected":false},"author":3,"featured_media":1949,"comment_status":"open","ping_status":"open","sticky":false,"template":"","format":"standard","meta":{"footnotes":""},"categories":[280,29,48],"tags":[25],"class_list":["post-1948","post","type-post","status-publish","format-standard","has-post-thumbnail","hentry","category-280","category-judentum","category-nationalsozialismus","tag-frauenkirchen"],"_links":{"self":[{"href":"https:\/\/www.brettl.at\/blog\/wp-json\/wp\/v2\/posts\/1948","targetHints":{"allow":["GET"]}}],"collection":[{"href":"https:\/\/www.brettl.at\/blog\/wp-json\/wp\/v2\/posts"}],"about":[{"href":"https:\/\/www.brettl.at\/blog\/wp-json\/wp\/v2\/types\/post"}],"author":[{"embeddable":true,"href":"https:\/\/www.brettl.at\/blog\/wp-json\/wp\/v2\/users\/3"}],"replies":[{"embeddable":true,"href":"https:\/\/www.brettl.at\/blog\/wp-json\/wp\/v2\/comments?post=1948"}],"version-history":[{"count":3,"href":"https:\/\/www.brettl.at\/blog\/wp-json\/wp\/v2\/posts\/1948\/revisions"}],"predecessor-version":[{"id":4536,"href":"https:\/\/www.brettl.at\/blog\/wp-json\/wp\/v2\/posts\/1948\/revisions\/4536"}],"wp:featuredmedia":[{"embeddable":true,"href":"https:\/\/www.brettl.at\/blog\/wp-json\/wp\/v2\/media\/1949"}],"wp:attachment":[{"href":"https:\/\/www.brettl.at\/blog\/wp-json\/wp\/v2\/media?parent=1948"}],"wp:term":[{"taxonomy":"category","embeddable":true,"href":"https:\/\/www.brettl.at\/blog\/wp-json\/wp\/v2\/categories?post=1948"},{"taxonomy":"post_tag","embeddable":true,"href":"https:\/\/www.brettl.at\/blog\/wp-json\/wp\/v2\/tags?post=1948"}],"curies":[{"name":"wp","href":"https:\/\/api.w.org\/{rel}","templated":true}]}}