{"id":1974,"date":"2018-04-03T08:07:29","date_gmt":"2018-04-03T06:07:29","guid":{"rendered":"http:\/\/www.brettl.at\/blog\/?p=1974"},"modified":"2024-09-02T17:11:58","modified_gmt":"2024-09-02T15:11:58","slug":"heiratswunsch-wird-zum-todesurteil","status":"publish","type":"post","link":"https:\/\/www.brettl.at\/blog\/heiratswunsch-wird-zum-todesurteil\/","title":{"rendered":"Heiratswunsch wird zum Todesurteil"},"content":{"rendered":"<div class=\"fusion-fullwidth fullwidth-box fusion-builder-row-1 nonhundred-percent-fullwidth non-hundred-percent-height-scrolling\" style=\"--awb-border-radius-top-left:0px;--awb-border-radius-top-right:0px;--awb-border-radius-bottom-right:0px;--awb-border-radius-bottom-left:0px;--awb-flex-wrap:wrap;\" ><div class=\"fusion-builder-row fusion-row\"><div class=\"fusion-layout-column fusion_builder_column fusion-builder-column-0 fusion_builder_column_1_1 1_1 fusion-one-full fusion-column-first fusion-column-last\" style=\"--awb-bg-size:cover;--awb-margin-bottom:0px;\"><div class=\"fusion-column-wrapper fusion-flex-column-wrapper-legacy\"><div class=\"fusion-text fusion-text-1\"><p>Die in Stegersbach wohnende siebzehnj\u00e4hrige Anna K. und der aus der Untersteiermark stammende Gottfried R. beschlossen 1942 zu heiraten. Gem\u00e4\u00df des Ehetauglichkeitsgesetzs begab sich Anna, die im f\u00fcnften Monat schwanger war, im M\u00e4rz 1943 zum Amtsarzt nach F\u00fcrstenfeld, der ihr die \u201eEhetauglichkeit\u201c verweigerte. Anna wurde 1925 in Rauchwart als \u201eZigeunermischling 1. Grades\u201c geboren. W\u00e4hrend ihr Vater Johann gem\u00e4\u00df den N\u00fcrnberger Gesetzen als \u201eArier\u201c galt, war ihre Mutter Justine Zigeunerin. Obwohl der Amtsarzt ihr und ihrer Familie ein gutes schulisches und sittliches Verhalten bescheinigte und das Aussehen der Familie der \u201ehiesigen Durchschnittsbev\u00f6lkerung\u201c entsprach, wurde ihr Heiratsantrag abgelehnt.<br \/>\n<a href=\"http:\/\/www.brettl.at\/wp-content\/uploads\/2018\/04\/Erb-und-Rassenpflege-006-Kopie.jpg\"><img decoding=\"async\" class=\"alignleft size-medium wp-image-1975\" src=\"http:\/\/www.brettl.at\/wp-content\/uploads\/2018\/04\/Erb-und-Rassenpflege-006-Kopie-300x136.jpg\" alt=\"Rassenpflege\" width=\"300\" height=\"136\" srcset=\"https:\/\/www.brettl.at\/wp-content\/uploads\/2018\/04\/Erb-und-Rassenpflege-006-Kopie-200x91.jpg 200w, https:\/\/www.brettl.at\/wp-content\/uploads\/2018\/04\/Erb-und-Rassenpflege-006-Kopie-300x136.jpg 300w, https:\/\/www.brettl.at\/wp-content\/uploads\/2018\/04\/Erb-und-Rassenpflege-006-Kopie-400x181.jpg 400w, https:\/\/www.brettl.at\/wp-content\/uploads\/2018\/04\/Erb-und-Rassenpflege-006-Kopie-600x272.jpg 600w, https:\/\/www.brettl.at\/wp-content\/uploads\/2018\/04\/Erb-und-Rassenpflege-006-Kopie.jpg 640w\" sizes=\"(max-width: 300px) 100vw, 300px\" \/><\/a>Verzweifelt wandte sich daraufhin Anna an den Reichsstatthalter der Steiermark und bat ihm um Hilfe. Dabei f\u00fchrte sie an: <em>\u201eIch bitte um die Bewilligung zur Eheschlie\u00dfung mit Rossmann Gottfried, geb. 25.10.1902 in der Untersteiermark. Da meine Mutter dem Blute nach Zigeunerin ist. Der Vater war aber Deutscher, bin also ein Mischling. Ich bitte en Reichstatthalter mir die Bewilligung zur Eheschlie\u00dfung g\u00fcltigst zu erteilen. Da ich noch nie unter Zigeuner gewohnt habe, auch meine Mutter nicht. Spreche keine andere Sprache als Deutsch. Bin auch in einer deutschen Schule gegangen. Auch meine Geschwister besuchen heute noch immer die deutsche Schule. Meine zwei Br\u00fcder k\u00e4mpfen f\u00fcrs deutsche Vaterland. Mein \u00e4lterer Bruder diente schon 6 Jahre beim Milit\u00e4r, hat schon mehrere Feldz\u00fcge mitgemacht und wurde schon viermal verwundet. Der j\u00fcngere Bruder war beim Arbeitsdienst, und jetzt ist er bei der Wehrmacht. Wurde in Russland zweimal verwundet und ist zum Gefreiten bef\u00f6rdert worden. Mein Bruder hat in Salzburg beim Milit\u00e4r geheiratet, schon unter der deutschen Regierung. Ich habe am 14. Dezember beim Standesamt Stegersbach die Einschreibung gemacht und bis heute ist nichts erledigt.<br \/>\n<\/em><em>Ich bitte den Herrn Reichsstatthalter im Namen meines Br\u00e4utigams um die Bewilligung zur Eheschlie\u00dfung bald zu erhalten, denn ich befinde mich im 5 Monat in Schwangerschaft. Ich m\u00f6chte nicht gerne haben, dass mein Kind unehelich auf die Welt kommt.<br \/>\n<\/em><em>Heil Hitler Anna K.\u201c<br \/>\n<\/em>Wohl durch den Eheantrag wurden die Beh\u00f6rden auf die Familie K. aufmerksam. Im April 1943 wurden die Braut Anna, ihre Mutter Justine und ihre Geschwister Alois, Franz, Karl und Maria nach Auschwitz deportiert, wo alle den Tod fanden. Anna verstarb am 27. J\u00e4nner 1944 im \u201eZigeunerlager\u201c Auschwitz. Ihr \u201earischer\u201c Vater Johann wurde als \u201eAsozialer\u201c in das Konzentrationslager Dachau deportiert und verstarb im KZ Buchenwald.<\/p>\n<p>Der Standesbeamte in Stegersbach meldete im Juli 1943 dem Landrat in F\u00fcrstenfeld lapidar: <em>\u201eDie Familie K. wurde bereits nach Polen abgef\u00fchrt. Auch die Tochter, die den R. ehelichen wollte. Diese Eheschlie\u00dfung ist daher nicht mehr aktuell. [\u2026].\u201c<\/em> (Steierm\u00e4rkisches Landesarchiv; BH F\u00fcrstenfeld, 12\/E2 Erb und Rassenpflege A-G, Karton 106, Jg. 1939\/45)<\/p>\n<\/div><div class=\"fusion-clearfix\"><\/div><\/div><\/div><\/div><\/div>\n","protected":false},"excerpt":{"rendered":"<p>Die siebzehnj\u00e4hrige Anna K. und Gottfried R. beschlossen 1942 zu heiraten. Gem\u00e4\u00df des Ehetauglichkeitsgesetzs begab sich Anna zum Amtsarzt nach F\u00fcrstenfeld&#8230;  <\/p>\n","protected":false},"author":3,"featured_media":1975,"comment_status":"open","ping_status":"open","sticky":false,"template":"","format":"standard","meta":{"footnotes":""},"categories":[280,48,49],"tags":[168,94],"class_list":["post-1974","post","type-post","status-publish","format-standard","has-post-thumbnail","hentry","category-280","category-nationalsozialismus","category-roma","tag-rauchwart","tag-stegersbach"],"_links":{"self":[{"href":"https:\/\/www.brettl.at\/blog\/wp-json\/wp\/v2\/posts\/1974","targetHints":{"allow":["GET"]}}],"collection":[{"href":"https:\/\/www.brettl.at\/blog\/wp-json\/wp\/v2\/posts"}],"about":[{"href":"https:\/\/www.brettl.at\/blog\/wp-json\/wp\/v2\/types\/post"}],"author":[{"embeddable":true,"href":"https:\/\/www.brettl.at\/blog\/wp-json\/wp\/v2\/users\/3"}],"replies":[{"embeddable":true,"href":"https:\/\/www.brettl.at\/blog\/wp-json\/wp\/v2\/comments?post=1974"}],"version-history":[{"count":5,"href":"https:\/\/www.brettl.at\/blog\/wp-json\/wp\/v2\/posts\/1974\/revisions"}],"predecessor-version":[{"id":4541,"href":"https:\/\/www.brettl.at\/blog\/wp-json\/wp\/v2\/posts\/1974\/revisions\/4541"}],"wp:featuredmedia":[{"embeddable":true,"href":"https:\/\/www.brettl.at\/blog\/wp-json\/wp\/v2\/media\/1975"}],"wp:attachment":[{"href":"https:\/\/www.brettl.at\/blog\/wp-json\/wp\/v2\/media?parent=1974"}],"wp:term":[{"taxonomy":"category","embeddable":true,"href":"https:\/\/www.brettl.at\/blog\/wp-json\/wp\/v2\/categories?post=1974"},{"taxonomy":"post_tag","embeddable":true,"href":"https:\/\/www.brettl.at\/blog\/wp-json\/wp\/v2\/tags?post=1974"}],"curies":[{"name":"wp","href":"https:\/\/api.w.org\/{rel}","templated":true}]}}