{"id":199,"date":"2015-03-24T19:33:08","date_gmt":"2015-03-24T18:33:08","guid":{"rendered":"http:\/\/www.brettl.at\/blog\/?p=199"},"modified":"2024-09-02T16:20:21","modified_gmt":"2024-09-02T14:20:21","slug":"der-1-weltkrieg-und-die-sonntagsarbeit","status":"publish","type":"post","link":"https:\/\/www.brettl.at\/blog\/der-1-weltkrieg-und-die-sonntagsarbeit\/","title":{"rendered":"Der 1. Weltkrieg und die Sonntagsarbeit"},"content":{"rendered":"<div class=\"fusion-fullwidth fullwidth-box fusion-builder-row-1 nonhundred-percent-fullwidth non-hundred-percent-height-scrolling\" style=\"--awb-background-position:left top;--awb-border-radius-top-left:0px;--awb-border-radius-top-right:0px;--awb-border-radius-bottom-right:0px;--awb-border-radius-bottom-left:0px;--awb-padding-top:20px;--awb-padding-right:0px;--awb-padding-bottom:20px;--awb-padding-left:0px;--awb-border-sizes-top:0px;--awb-border-sizes-bottom:0px;--awb-flex-wrap:wrap;\" ><div class=\"fusion-builder-row fusion-row\"><div class=\"fusion-layout-column fusion_builder_column fusion-builder-column-0 fusion_builder_column_1_1 1_1 fusion-one-full fusion-column-first fusion-column-last fusion-column-no-min-height\" style=\"--awb-bg-size:cover;--awb-margin-bottom:0px;\"><div class=\"fusion-column-wrapper fusion-flex-column-wrapper-legacy\"><div class=\"fusion-text fusion-text-1\"><p>Im Ersten Weltkrieg wurde auch die Zivilbev\u00f6lkerung, fernab der eigentlichen Front, aufgerufen f\u00fcr den Sieg zu k\u00e4mpfen. Alle gesellschaftlichen Gruppen des Staates wurden dazu angehalten.<\/p>\n<div id=\"attachment_200\" style=\"width: 310px\" class=\"wp-caption alignleft\"><a href=\"http:\/\/www.brettl.at\/wp-content\/uploads\/2015\/03\/soldaten-aus-westungarn-im-1.-weltkrieg-sammlung-brettl-halbturn.jpg\"><img decoding=\"async\" aria-describedby=\"caption-attachment-200\" class=\"size-medium wp-image-200\" src=\"http:\/\/www.brettl.at\/wp-content\/uploads\/2015\/03\/soldaten-aus-westungarn-im-1.-weltkrieg-sammlung-brettl-halbturn-300x186.jpg\" alt=\"soldaten 1. WK\" width=\"300\" height=\"186\" srcset=\"https:\/\/www.brettl.at\/wp-content\/uploads\/2015\/03\/soldaten-aus-westungarn-im-1.-weltkrieg-sammlung-brettl-halbturn-300x186.jpg 300w, https:\/\/www.brettl.at\/wp-content\/uploads\/2015\/03\/soldaten-aus-westungarn-im-1.-weltkrieg-sammlung-brettl-halbturn-1024x636.jpg 1024w, https:\/\/www.brettl.at\/wp-content\/uploads\/2015\/03\/soldaten-aus-westungarn-im-1.-weltkrieg-sammlung-brettl-halbturn.jpg 1639w\" sizes=\"(max-width: 300px) 100vw, 300px\" \/><\/a><p id=\"caption-attachment-200\" class=\"wp-caption-text\">Soldaten aus Westungarn im 1. Weltkrieg (Sammlung, Brettl, Halbturn)<\/p><\/div>\n<p>So predigte Pater Konstantin am 19. M\u00e4rz 1916 in Podersdorf:<br \/>\n&#8220;Der bereits seit 20 Monaten w\u00fctende Weltkrieg stellt besondere Anforderungen auf die mit Landwirtschaft sich besch\u00e4ftigende Bev\u00f6lkerung des Landes. Unsere Feinde, wissend, dass sie mit Waffen uns nichts anhaben k\u00f6nnen, wollen uns durch Hungersnot zur Kapitulation zwingen. Unter solchen Umst\u00e4nden ist es dringend erforderlich, dass im Lande jedes Fleckchen zur rechten Zeit angebaut werde, und zwar umso mehr, da jetzt nicht nur uns und unsere Verb\u00fcndeten, sondern auch die von uns eroberten L\u00e4nder mit Lebensmitteln zu versehen haben. Aus diesem triftigen Grunde hat es die hochw\u00fcrdigste bisch\u00f6fliche Beh\u00f6rde erlaubt, dass w\u00e4hrend der Dauer des Krieges auch an Sonntagen nach dem vormitt\u00e4glichen Gottesdienste Feldarbeiten verrichtet werden k\u00f6nnen. Die Gl\u00e4ubigen werden daher ermahnt, dass sie sich in der Arbeit gegenseitig unterst\u00fctzen und aushelfen, besonders aber, dass sie ihre Zugtiere anderen, die solche nicht besitzen, zur Verf\u00fcgung stellen.&#8221;<br \/>\n(Quelle: Chronik Podersdorf am See, S.215)<\/p>\n<\/div><div class=\"fusion-clearfix\"><\/div><\/div><\/div><\/div><\/div>\n","protected":false},"excerpt":{"rendered":"<p>Im Ersten Weltkrieg wurde auch die Zivilbev\u00f6lkerung, fernab der eigentlichen Front, aufgerufen f\u00fcr den Sieg zu k\u00e4mpfen. Alle gesellschaftlichen Gruppen des Staates wurden dazu angehalten. So predigte Pater Konstantin am 19. M\u00e4rz 1916 in Podersdorf.<\/p>\n","protected":false},"author":3,"featured_media":200,"comment_status":"open","ping_status":"open","sticky":false,"template":"","format":"standard","meta":{"footnotes":""},"categories":[276,21],"tags":[44],"class_list":["post-199","post","type-post","status-publish","format-standard","has-post-thumbnail","hentry","category-276","category-i-weltkrieg","tag-podersdorf"],"_links":{"self":[{"href":"https:\/\/www.brettl.at\/blog\/wp-json\/wp\/v2\/posts\/199","targetHints":{"allow":["GET"]}}],"collection":[{"href":"https:\/\/www.brettl.at\/blog\/wp-json\/wp\/v2\/posts"}],"about":[{"href":"https:\/\/www.brettl.at\/blog\/wp-json\/wp\/v2\/types\/post"}],"author":[{"embeddable":true,"href":"https:\/\/www.brettl.at\/blog\/wp-json\/wp\/v2\/users\/3"}],"replies":[{"embeddable":true,"href":"https:\/\/www.brettl.at\/blog\/wp-json\/wp\/v2\/comments?post=199"}],"version-history":[{"count":5,"href":"https:\/\/www.brettl.at\/blog\/wp-json\/wp\/v2\/posts\/199\/revisions"}],"predecessor-version":[{"id":4311,"href":"https:\/\/www.brettl.at\/blog\/wp-json\/wp\/v2\/posts\/199\/revisions\/4311"}],"wp:featuredmedia":[{"embeddable":true,"href":"https:\/\/www.brettl.at\/blog\/wp-json\/wp\/v2\/media\/200"}],"wp:attachment":[{"href":"https:\/\/www.brettl.at\/blog\/wp-json\/wp\/v2\/media?parent=199"}],"wp:term":[{"taxonomy":"category","embeddable":true,"href":"https:\/\/www.brettl.at\/blog\/wp-json\/wp\/v2\/categories?post=199"},{"taxonomy":"post_tag","embeddable":true,"href":"https:\/\/www.brettl.at\/blog\/wp-json\/wp\/v2\/tags?post=199"}],"curies":[{"name":"wp","href":"https:\/\/api.w.org\/{rel}","templated":true}]}}