{"id":1991,"date":"2018-04-17T08:00:18","date_gmt":"2018-04-17T06:00:18","guid":{"rendered":"http:\/\/www.brettl.at\/blog\/?p=1991"},"modified":"2024-09-02T17:12:15","modified_gmt":"2024-09-02T15:12:15","slug":"im-zigeunerwagen-durch-die-puszta","status":"publish","type":"post","link":"https:\/\/www.brettl.at\/blog\/im-zigeunerwagen-durch-die-puszta\/","title":{"rendered":"Im &#8220;Zigeunerwagen&#8221; durch die Puszta"},"content":{"rendered":"<div class=\"fusion-fullwidth fullwidth-box fusion-builder-row-1 nonhundred-percent-fullwidth non-hundred-percent-height-scrolling\" style=\"--awb-border-radius-top-left:0px;--awb-border-radius-top-right:0px;--awb-border-radius-bottom-right:0px;--awb-border-radius-bottom-left:0px;--awb-flex-wrap:wrap;\" ><div class=\"fusion-builder-row fusion-row\"><div class=\"fusion-layout-column fusion_builder_column fusion-builder-column-0 fusion_builder_column_1_1 1_1 fusion-one-full fusion-column-first fusion-column-last\" style=\"--awb-bg-size:cover;--awb-margin-bottom:0px;\"><div class=\"fusion-column-wrapper fusion-flex-column-wrapper-legacy\"><div class=\"fusion-text fusion-text-1\"><p>\u201eLustig ist das Zigeunerleben\u201c ist ein bekanntes deutsches <a href=\"https:\/\/de.wikipedia.org\/wiki\/Volkslied\">Volkslied<\/a>, das das Leben der damals als <a href=\"https:\/\/de.wikipedia.org\/wiki\/Zigeuner\">Zigeuner<\/a> bezeichneten ethnischen Gruppe <a href=\"https:\/\/de.wikipedia.org\/wiki\/Glorifizierung#Verwandte_Ph.C3.A4nomene\">romantisierend<\/a> beschreibt. Es beschw\u00f6rt das falsche Klischee des wilden, freien Zigeunerlebens, das frei von Sorgen ist. 1976 nahm ein bekanntes burgenl\u00e4ndisches Fremdenverkehrsunternehmen dieses Stereotyp auf, um eine neue Attraktion zu pr\u00e4sentieren.<\/p>\n<div id=\"attachment_1992\" style=\"width: 239px\" class=\"wp-caption alignleft\"><a href=\"http:\/\/www.brettl.at\/wp-content\/uploads\/2018\/04\/Screenshot-60-Kopie.png\"><img decoding=\"async\" aria-describedby=\"caption-attachment-1992\" class=\"size-medium wp-image-1992\" src=\"http:\/\/www.brettl.at\/wp-content\/uploads\/2018\/04\/Screenshot-60-Kopie-229x300.png\" alt=\"\" width=\"229\" height=\"300\" srcset=\"https:\/\/www.brettl.at\/wp-content\/uploads\/2018\/04\/Screenshot-60-Kopie-200x262.png 200w, https:\/\/www.brettl.at\/wp-content\/uploads\/2018\/04\/Screenshot-60-Kopie-229x300.png 229w, https:\/\/www.brettl.at\/wp-content\/uploads\/2018\/04\/Screenshot-60-Kopie-400x523.png 400w, https:\/\/www.brettl.at\/wp-content\/uploads\/2018\/04\/Screenshot-60-Kopie.png 494w\" sizes=\"(max-width: 229px) 100vw, 229px\" \/><\/a><p id=\"caption-attachment-1992\" class=\"wp-caption-text\">Dagmar Koller bei der Taufe und Pr\u00e4sentation der neuen Fremdenverkehrsattraktion im Mai 1976<\/p><\/div>\n<p>Die BF berichtet davon: \u201eIm Zigeunerwagen durch die Pu\u00dfta. Um den Erholungssuchenden seinen Wunsch nach Ruhe und Natur optimal zu erf\u00fcllen, finden Reiseb\u00fcros und Fremdenverkehrswirtschaft immer neue Wege. Blaguss-Reisen bietet im neuen Reiseprospekt \u201eBurgenland 1976\u201c, Ferien ohne Konventionen \u2013 im Zigeunerwagen durch unber\u00fchrte Landschaften und Naturschutzgebiete \u2013 an. Der Zigeunerwagen ist zirka 4 m lang und 2,5 m breit, gummibereift und f\u00fcr 4 Personen eingerichtet und komplett ausgestattet. Eine Kochnische mit Gaskocher, Propangaslampen und kompletten K\u00fcchengeschirr erleichtert Ihnen das Leben in der Pu\u00dfta. [\u2026] Auf dem Kutschbock entdecken Sie dann das einfache Leben und die unber\u00fchrte nat\u00fcrliche Freiheit. [\u2026]\u201c (BF, 11. Ausgabe M\u00e4rz 1976)<br \/>\nUnd weiters hei\u00dft es in einem Beitrag: \u201eWer also demn\u00e4chst einen bunten Wagen dahinzuckeln sieht, mu\u00df sich nicht wundern, wenn die \u201eZigeuner\u201c, die darin fahren, aus K\u00f6ln, Wuppertal oder Castrop-Rauxel stammen.\u201c<br \/>\n(BF, 21. Ausgabe Mai 1976. S. 4)<\/p>\n<\/div><div class=\"fusion-clearfix\"><\/div><\/div><\/div><\/div><\/div>\n","protected":false},"excerpt":{"rendered":"<p>\u201eLustig ist das Zigeunerleben\u201c ist ein bekanntes deutsches Volkslied, das das Leben der damals als Zigeuner bezeichneten ethnischen Gruppe romantisierend beschreibt. <\/p>\n","protected":false},"author":3,"featured_media":1992,"comment_status":"open","ping_status":"open","sticky":false,"template":"","format":"standard","meta":{"footnotes":""},"categories":[280,67],"tags":[],"class_list":["post-1991","post","type-post","status-publish","format-standard","has-post-thumbnail","hentry","category-280","category-fremdenverkehr"],"_links":{"self":[{"href":"https:\/\/www.brettl.at\/blog\/wp-json\/wp\/v2\/posts\/1991","targetHints":{"allow":["GET"]}}],"collection":[{"href":"https:\/\/www.brettl.at\/blog\/wp-json\/wp\/v2\/posts"}],"about":[{"href":"https:\/\/www.brettl.at\/blog\/wp-json\/wp\/v2\/types\/post"}],"author":[{"embeddable":true,"href":"https:\/\/www.brettl.at\/blog\/wp-json\/wp\/v2\/users\/3"}],"replies":[{"embeddable":true,"href":"https:\/\/www.brettl.at\/blog\/wp-json\/wp\/v2\/comments?post=1991"}],"version-history":[{"count":4,"href":"https:\/\/www.brettl.at\/blog\/wp-json\/wp\/v2\/posts\/1991\/revisions"}],"predecessor-version":[{"id":4543,"href":"https:\/\/www.brettl.at\/blog\/wp-json\/wp\/v2\/posts\/1991\/revisions\/4543"}],"wp:featuredmedia":[{"embeddable":true,"href":"https:\/\/www.brettl.at\/blog\/wp-json\/wp\/v2\/media\/1992"}],"wp:attachment":[{"href":"https:\/\/www.brettl.at\/blog\/wp-json\/wp\/v2\/media?parent=1991"}],"wp:term":[{"taxonomy":"category","embeddable":true,"href":"https:\/\/www.brettl.at\/blog\/wp-json\/wp\/v2\/categories?post=1991"},{"taxonomy":"post_tag","embeddable":true,"href":"https:\/\/www.brettl.at\/blog\/wp-json\/wp\/v2\/tags?post=1991"}],"curies":[{"name":"wp","href":"https:\/\/api.w.org\/{rel}","templated":true}]}}