{"id":2004,"date":"2018-05-01T07:19:11","date_gmt":"2018-05-01T05:19:11","guid":{"rendered":"http:\/\/www.brettl.at\/blog\/?p=2004"},"modified":"2024-09-02T17:12:30","modified_gmt":"2024-09-02T15:12:30","slug":"aufmarsch-am-1-mai","status":"publish","type":"post","link":"https:\/\/www.brettl.at\/blog\/aufmarsch-am-1-mai\/","title":{"rendered":"Aufmarsch am 1. Mai"},"content":{"rendered":"<div class=\"fusion-fullwidth fullwidth-box fusion-builder-row-1 fusion-flex-container nonhundred-percent-fullwidth non-hundred-percent-height-scrolling\" style=\"--awb-border-radius-top-left:0px;--awb-border-radius-top-right:0px;--awb-border-radius-bottom-right:0px;--awb-border-radius-bottom-left:0px;--awb-flex-wrap:wrap;\" ><div class=\"fusion-builder-row fusion-row fusion-flex-align-items-flex-start fusion-flex-content-wrap\" style=\"max-width:1100.32px;margin-left: calc(-4% \/ 2 );margin-right: calc(-4% \/ 2 );\"><div class=\"fusion-layout-column fusion_builder_column fusion-builder-column-0 fusion_builder_column_1_1 1_1 fusion-flex-column\" style=\"--awb-bg-size:cover;--awb-width-large:100%;--awb-margin-top-large:0px;--awb-spacing-right-large:1.92%;--awb-margin-bottom-large:0px;--awb-spacing-left-large:1.92%;--awb-width-medium:100%;--awb-spacing-right-medium:1.92%;--awb-spacing-left-medium:1.92%;--awb-width-small:100%;--awb-spacing-right-small:1.92%;--awb-spacing-left-small:1.92%;\"><div class=\"fusion-column-wrapper fusion-flex-justify-content-flex-start fusion-content-layout-column\"><div class=\"fusion-text fusion-text-1\"><p>Seit 1890 wird der 1. Mai als internationaler Tag der Arbeit in aller Welt gefeiert. Welche Bedeutung der 1. Mai in der burgenl\u00e4ndischen Arbeiterschaft in der Zwischenkriegszeit spielte, l\u00e4sst sich aus einem Bericht der Burgenl\u00e4ndischen Freiheit anl\u00e4sslich der Feierlichkeiten 1930 in Schattendorf erkennen.<\/p>\n<div id=\"attachment_2005\" style=\"width: 310px\" class=\"wp-caption alignleft\"><a href=\"http:\/\/www.brettl.at\/wp-content\/uploads\/2018\/05\/Kleylehof.jpg\"><img decoding=\"async\" aria-describedby=\"caption-attachment-2005\" class=\"size-medium wp-image-2005\" src=\"http:\/\/www.brettl.at\/wp-content\/uploads\/2018\/05\/Kleylehof-300x202.jpg\" alt=\"1. Mai\" width=\"300\" height=\"202\" srcset=\"https:\/\/www.brettl.at\/wp-content\/uploads\/2018\/05\/Kleylehof-200x135.jpg 200w, https:\/\/www.brettl.at\/wp-content\/uploads\/2018\/05\/Kleylehof-300x202.jpg 300w, https:\/\/www.brettl.at\/wp-content\/uploads\/2018\/05\/Kleylehof-400x270.jpg 400w, https:\/\/www.brettl.at\/wp-content\/uploads\/2018\/05\/Kleylehof-600x404.jpg 600w, https:\/\/www.brettl.at\/wp-content\/uploads\/2018\/05\/Kleylehof-768x518.jpg 768w, https:\/\/www.brettl.at\/wp-content\/uploads\/2018\/05\/Kleylehof-800x539.jpg 800w, https:\/\/www.brettl.at\/wp-content\/uploads\/2018\/05\/Kleylehof-1024x690.jpg 1024w, https:\/\/www.brettl.at\/wp-content\/uploads\/2018\/05\/Kleylehof-1200x809.jpg 1200w, https:\/\/www.brettl.at\/wp-content\/uploads\/2018\/05\/Kleylehof.jpg 2260w\" sizes=\"(max-width: 300px) 100vw, 300px\" \/><\/a><p id=\"caption-attachment-2005\" class=\"wp-caption-text\">1. Mai Aufmarsch am Kleylehof um 1955. (\u00a9 Sammlung Kleylehof)<\/p><\/div>\n<p>\u201e<em>So wie allj\u00e4hrlich, feierte auch heuer die hiesige Arbeiterschaft den Arbeiterfeiertag. Die Feier gestaltete sich zu einer imposanten Kundgebung der Schattendorfer Arbeiter f\u00fcr die Forderung der sozialdemokratischen Partei. Um 5 Uhr fr\u00fch wurde die Bev\u00f6lkerung durch einen Weckruf unserer strammen Jugendkapelle, welche durch ihren Kapellmeister Genossen Michael Schefberger gef\u00fchrt wurde, aus dem Schlafe gespielt.<br \/>\n<\/em><em>Nachmittags um 1 Uhr versammelten sich die Parteigenossen sowie alle proletarischen Vereine beim \u201eArbeiterheim&#8221; (Gasthaus Moser). [\u2026] Er\u00f6ffnet wurde der Zug durch eine gro\u00dfe Schar \u201eKinderfreunde&#8221; die zwei rot dekorierte W\u00e4gelchen mitf\u00fchrten. Bei den \u201eKinderfreunden&#8221; wurde eine Tafel mitgetragen, auf welcher der Text stand: Bauern und Arbeiterkinder geh\u00f6ren zu den Kinderfreunden! Nach den Kindern kamen die strammen sozialistischen Jugendlichen mit ihrer Sturmfahne, in deren Reihen wurden Tafeln, auf welchen unsere Kampfparolen schriftlich angebracht waren, mitgetragen. Es folgten weiters die Arbeiterradfahrer mit ihren bunten Dressen und mit der Fahne, schlie\u00dflich kamen die Parteigenossen und -genossinnen in F\u00fcnferreihen im langen Zuge marschierend. [\u2026] In der Mitte der Ortschaft fand die Festversammlung statt. Der Obmann der Lokalorganisation Genosse Pinter er\u00f6ffnete die Versammlung und hie\u00df die zahlreich Erschienen auf das herzlichste willkommen. Genosse Pinter verwies darauf, dass die sozialdemokratische Arbeiterschaft im heurigen Jahre zum vierzigsten Male den 1. Mai feiert und z\u00e4hlte die Forderungen der Arbeiterschaft auf, die sie sich zu erk\u00e4mpfen zum Ziele gesetzt hat. Abgeordneter Genosse Hans B\u00f6gl besprach die Bedeutung des 1. Mai f\u00fcr die Arbeiterschaft der ganzen Welt und nahm in seiner Rede auch Gelegenheit, \u00fcber das Elend der Kleinbauern zu sprechen. [\u2026] Nach den Dankesworten des Vorsitzenden Genossen Pinter an den Referenten f\u00fcr dessen vortreffliche Rede, intonierte die Jugendkapelle das \u201eLied der Arbeit&#8221;, die Versammlung fand hiemit ein sch\u00f6nes und w\u00fcrdiges Ende. [\u2026]\u201c<br \/>\n<\/em>(Aus: Schattendorf. Seine Geschichte und seine Menschen. Schattendorf 2003. S.260-261)<\/p>\n<\/div><\/div><\/div><\/div><\/div>\n","protected":false},"excerpt":{"rendered":"<p>Welche Bedeutung der 1. Mai in der burgenl\u00e4ndischen Arbeiterschaft in der Zwischenkriegszeit spielte, l\u00e4sst sich aus einem Bericht anl\u00e4sslich der Feierlichkeiten 1930 in Schattendorf erkennen. <\/p>\n","protected":false},"author":3,"featured_media":2005,"comment_status":"open","ping_status":"open","sticky":false,"template":"","format":"standard","meta":{"footnotes":""},"categories":[280,20],"tags":[34],"class_list":["post-2004","post","type-post","status-publish","format-standard","has-post-thumbnail","hentry","category-280","category-zwischenkriegszeit","tag-schattendorf"],"_links":{"self":[{"href":"https:\/\/www.brettl.at\/blog\/wp-json\/wp\/v2\/posts\/2004","targetHints":{"allow":["GET"]}}],"collection":[{"href":"https:\/\/www.brettl.at\/blog\/wp-json\/wp\/v2\/posts"}],"about":[{"href":"https:\/\/www.brettl.at\/blog\/wp-json\/wp\/v2\/types\/post"}],"author":[{"embeddable":true,"href":"https:\/\/www.brettl.at\/blog\/wp-json\/wp\/v2\/users\/3"}],"replies":[{"embeddable":true,"href":"https:\/\/www.brettl.at\/blog\/wp-json\/wp\/v2\/comments?post=2004"}],"version-history":[{"count":3,"href":"https:\/\/www.brettl.at\/blog\/wp-json\/wp\/v2\/posts\/2004\/revisions"}],"predecessor-version":[{"id":4544,"href":"https:\/\/www.brettl.at\/blog\/wp-json\/wp\/v2\/posts\/2004\/revisions\/4544"}],"wp:featuredmedia":[{"embeddable":true,"href":"https:\/\/www.brettl.at\/blog\/wp-json\/wp\/v2\/media\/2005"}],"wp:attachment":[{"href":"https:\/\/www.brettl.at\/blog\/wp-json\/wp\/v2\/media?parent=2004"}],"wp:term":[{"taxonomy":"category","embeddable":true,"href":"https:\/\/www.brettl.at\/blog\/wp-json\/wp\/v2\/categories?post=2004"},{"taxonomy":"post_tag","embeddable":true,"href":"https:\/\/www.brettl.at\/blog\/wp-json\/wp\/v2\/tags?post=2004"}],"curies":[{"name":"wp","href":"https:\/\/api.w.org\/{rel}","templated":true}]}}