{"id":2020,"date":"2018-05-15T07:44:30","date_gmt":"2018-05-15T05:44:30","guid":{"rendered":"http:\/\/www.brettl.at\/blog\/?p=2020"},"modified":"2024-09-02T17:12:44","modified_gmt":"2024-09-02T15:12:44","slug":"die-haelfte-der-bevoelkerung-ist-fast-immer-in-amerika","status":"publish","type":"post","link":"https:\/\/www.brettl.at\/blog\/die-haelfte-der-bevoelkerung-ist-fast-immer-in-amerika\/","title":{"rendered":"\u201eDie H\u00e4lfte der Bewohner [&#8230;] sei fast immer in Amerika\u201c"},"content":{"rendered":"<div class=\"fusion-fullwidth fullwidth-box fusion-builder-row-1 nonhundred-percent-fullwidth non-hundred-percent-height-scrolling\" style=\"--awb-border-radius-top-left:0px;--awb-border-radius-top-right:0px;--awb-border-radius-bottom-right:0px;--awb-border-radius-bottom-left:0px;--awb-flex-wrap:wrap;\" ><div class=\"fusion-builder-row fusion-row\"><div class=\"fusion-layout-column fusion_builder_column fusion-builder-column-0 fusion_builder_column_1_1 1_1 fusion-one-full fusion-column-first fusion-column-last\" style=\"--awb-bg-size:cover;--awb-margin-bottom:0px;\"><div class=\"fusion-column-wrapper fusion-flex-column-wrapper-legacy\"><div class=\"fusion-text fusion-text-1\"><p><span style=\"font-family: 'Verdana',sans-serif; font-size: 11pt;\"><span style=\"color: #000000;\">W\u00e4hrend Grenzkommissionen nach der Angliederung des Burgenlandes an \u00d6sterreich erst den genauen Grenzverlauf zwischen \u00d6sterreich und Ungarn festlegten, kam 1922 der Kriminalbeamte Adam Wieser aus Wien in die kleine Gemeinde Moschendorf im Bezirk G\u00fcssing. Er beschrieb den Ort und war der Ansicht, dass sich durch eine Angliederung Moschendorfs an \u00d6sterreich die wirtschaftliche Lage verbessern werde. Der Gro\u00dfteil der Bev\u00f6lkerung sah jedoch nur in der Emigration nach Amerika eine M\u00f6glichkeit, ein wirtschaftliches Auskommen zu finden. <\/span><\/span><span style=\"font-family: 'Verdana',sans-serif; font-size: 11pt;\"><span style=\"color: #000000;\"><a href=\"http:\/\/www.brettl.at\/wp-content\/uploads\/2018\/05\/Koffer.jpg\"><img decoding=\"async\" class=\"alignleft size-medium wp-image-2021\" src=\"http:\/\/www.brettl.at\/wp-content\/uploads\/2018\/05\/Koffer-300x138.jpg\" alt=\"Auswanderung\" width=\"300\" height=\"138\" srcset=\"https:\/\/www.brettl.at\/wp-content\/uploads\/2018\/05\/Koffer-200x92.jpg 200w, https:\/\/www.brettl.at\/wp-content\/uploads\/2018\/05\/Koffer-300x138.jpg 300w, https:\/\/www.brettl.at\/wp-content\/uploads\/2018\/05\/Koffer-400x184.jpg 400w, https:\/\/www.brettl.at\/wp-content\/uploads\/2018\/05\/Koffer.jpg 459w\" sizes=\"(max-width: 300px) 100vw, 300px\" \/><\/a>Der Beamte berichtete:<br \/>\n<\/span><\/span><\/p>\n<p>\u201e[\u2026] Am 3. April 1922 erhielten ein Ob. Insp. und mehrere Kriminalbeamte in Wien den Auftrag, sich \u00fcber F\u00fcrstenfeld ins Burgenland zu begeben und an der Abstimmung \u00fcber die Zugeh\u00f6rigkeit dieses Landes an \u00d6sterreich mitzuwirken [\u2026] Moschendorf ist ein ziemlich anschauliches Dorf mit sch\u00f6ner Kirche. Alle H\u00e4user stehen an der Dorfstra\u00dfe. Moschendorf ist ein deutsches Dorf, hatte aber eine kleine Minderheit und einen fanatischen ungarischen Pfarrer. [\u2026] In Moschendorf war aber der Lehrer Herr B\u00f6hm und sein kleiner Anhang tatkr\u00e4ftiger M\u00e4nner, die sich dem Einflu\u00df der politischen ungarischen Geistlichkeit entziehen konnten und bei der Durchfahrt der Ententekommission mit lautem Geschrei und f\u00e4hnchenschwingend f\u00fcr \u00d6sterreich mit gro\u00dfer Majorit\u00e4t stimmten und Moschendorf heut bei \u00d6sterreich ist. [\u2026]\nDie H\u00e4lfte der Bewohner von Moschendorf sei fast immer in Amerika. Mehrere H\u00e4user in Moschendorf waren mit aller Einrichtung geschlossen. Es hie\u00df, die Eigent\u00fcmer seien derzeit in Amerika k\u00e4men aber mit Ersparnissen wieder zur\u00fcck. Da das Burgenland nur aus Gro\u00dfgrundbesitz bestand, hatten die kleinen Leute nur die Initiative, entweder wie Kuli f\u00fcr die Gro\u00dfen unter schlechten Entlohnungsverh\u00e4ltnissen zu arbeiten oder zeitweise auszuwandern. Mit der Wahl der Stimme f\u00fcr \u00d6sterreich \u00e4nderte sich das ganz prek\u00e4re Bild zu Gunsten der Moschendorfer. Das gro\u00dfe Industriegebiet von Wr. Neustadt bis Wien stand ihnen offen. Am 13. April 1922 fuhren wir wieder heim, das hei\u00dft wir marschierten von Moschendorf bis Pinkafeld und von dort bis Friedberg zur Bahn.\u201c (Moschendorf 1221-2001. Moschendorf 2001. S. 39)<\/p>\n<\/div><div class=\"fusion-clearfix\"><\/div><\/div><\/div><\/div><\/div>\n","protected":false},"excerpt":{"rendered":"<p>Im Zuge der genauen Festlegung der Grenze zwischen \u00d6sterreich und Ungarn kam 1922 ein Kriminalbeamter aus Wien in die kleine Gemeinde Moschendorf und beschrieb den Ort.  <\/p>\n","protected":false},"author":3,"featured_media":2021,"comment_status":"open","ping_status":"open","sticky":false,"template":"","format":"standard","meta":{"footnotes":""},"categories":[280,32,38],"tags":[171],"class_list":["post-2020","post","type-post","status-publish","format-standard","has-post-thumbnail","hentry","category-280","category-migration","category-westungarn","tag-moschendorf"],"_links":{"self":[{"href":"https:\/\/www.brettl.at\/blog\/wp-json\/wp\/v2\/posts\/2020","targetHints":{"allow":["GET"]}}],"collection":[{"href":"https:\/\/www.brettl.at\/blog\/wp-json\/wp\/v2\/posts"}],"about":[{"href":"https:\/\/www.brettl.at\/blog\/wp-json\/wp\/v2\/types\/post"}],"author":[{"embeddable":true,"href":"https:\/\/www.brettl.at\/blog\/wp-json\/wp\/v2\/users\/3"}],"replies":[{"embeddable":true,"href":"https:\/\/www.brettl.at\/blog\/wp-json\/wp\/v2\/comments?post=2020"}],"version-history":[{"count":8,"href":"https:\/\/www.brettl.at\/blog\/wp-json\/wp\/v2\/posts\/2020\/revisions"}],"predecessor-version":[{"id":4547,"href":"https:\/\/www.brettl.at\/blog\/wp-json\/wp\/v2\/posts\/2020\/revisions\/4547"}],"wp:featuredmedia":[{"embeddable":true,"href":"https:\/\/www.brettl.at\/blog\/wp-json\/wp\/v2\/media\/2021"}],"wp:attachment":[{"href":"https:\/\/www.brettl.at\/blog\/wp-json\/wp\/v2\/media?parent=2020"}],"wp:term":[{"taxonomy":"category","embeddable":true,"href":"https:\/\/www.brettl.at\/blog\/wp-json\/wp\/v2\/categories?post=2020"},{"taxonomy":"post_tag","embeddable":true,"href":"https:\/\/www.brettl.at\/blog\/wp-json\/wp\/v2\/tags?post=2020"}],"curies":[{"name":"wp","href":"https:\/\/api.w.org\/{rel}","templated":true}]}}