{"id":2037,"date":"2018-05-24T07:18:40","date_gmt":"2018-05-24T05:18:40","guid":{"rendered":"http:\/\/www.brettl.at\/blog\/?p=2037"},"modified":"2024-09-02T17:16:07","modified_gmt":"2024-09-02T15:16:07","slug":"integration-durch-sprachanpassung","status":"publish","type":"post","link":"https:\/\/www.brettl.at\/blog\/integration-durch-sprachanpassung\/","title":{"rendered":"Integration durch Sprachanpassung?"},"content":{"rendered":"<div class=\"fusion-fullwidth fullwidth-box fusion-builder-row-1 fusion-flex-container nonhundred-percent-fullwidth non-hundred-percent-height-scrolling\" style=\"--awb-border-radius-top-left:0px;--awb-border-radius-top-right:0px;--awb-border-radius-bottom-right:0px;--awb-border-radius-bottom-left:0px;--awb-flex-wrap:wrap;\" ><div class=\"fusion-builder-row fusion-row fusion-flex-align-items-flex-start fusion-flex-content-wrap\" style=\"max-width:1100.32px;margin-left: calc(-4% \/ 2 );margin-right: calc(-4% \/ 2 );\"><div class=\"fusion-layout-column fusion_builder_column fusion-builder-column-0 fusion_builder_column_1_1 1_1 fusion-flex-column\" style=\"--awb-bg-size:cover;--awb-width-large:100%;--awb-margin-top-large:0px;--awb-spacing-right-large:1.92%;--awb-margin-bottom-large:0px;--awb-spacing-left-large:1.92%;--awb-width-medium:100%;--awb-spacing-right-medium:1.92%;--awb-spacing-left-medium:1.92%;--awb-width-small:100%;--awb-spacing-right-small:1.92%;--awb-spacing-left-small:1.92%;\"><div class=\"fusion-column-wrapper fusion-flex-justify-content-flex-start fusion-content-layout-column\"><div class=\"fusion-text fusion-text-1\"><p>In den 1970er Jahren gab es heftige Auseinandersetzungen um die Minderheitenrechte der Kroaten im Burgenland. Dazu kamen erhebliche inhaltliche Differenzen in den Parteien. Der SP\u00d6 &#8211; Abgeordnete und langj\u00e4hrige B\u00fcrgermeister (34 Jahre) der kroatischen Gemeinde Steinbrunn Fritz Robak, der als \u201eKroatensprecher\u201c der Partei galt, trat f\u00fcr weitgehende Integration und gutes Erlernen der deutschen Sprache ein. Er stellte die Situation der Kroaten im Burgenland folgenderma\u00dfen dar:<br \/>\n<a href=\"http:\/\/www.brettl.at\/wp-content\/uploads\/2018\/05\/DSC073551.jpg\"><img decoding=\"async\" class=\"alignleft size-medium wp-image-2038\" src=\"http:\/\/www.brettl.at\/wp-content\/uploads\/2018\/05\/DSC073551-300x225.jpg\" alt=\"Novo Selo\" width=\"300\" height=\"225\" srcset=\"https:\/\/www.brettl.at\/wp-content\/uploads\/2018\/05\/DSC073551-200x150.jpg 200w, https:\/\/www.brettl.at\/wp-content\/uploads\/2018\/05\/DSC073551-300x225.jpg 300w, https:\/\/www.brettl.at\/wp-content\/uploads\/2018\/05\/DSC073551-400x300.jpg 400w, https:\/\/www.brettl.at\/wp-content\/uploads\/2018\/05\/DSC073551-600x450.jpg 600w, https:\/\/www.brettl.at\/wp-content\/uploads\/2018\/05\/DSC073551-768x576.jpg 768w, https:\/\/www.brettl.at\/wp-content\/uploads\/2018\/05\/DSC073551.jpg 800w\" sizes=\"(max-width: 300px) 100vw, 300px\" \/><\/a>\u201eWir haben diese Chancengleichheit auf sozialem, politischem und wirtschaftlichem Gebiet erst erlangt, als wir aus dem Ghetto der sprachlichen Isolation ausgebrochen sind und freiwillig die deutsche Sprache perfekt erlernt haben. Gerade seit 1945 stehen uns alle privaten und \u00f6ffentlichen Posten offen: Ein Kroate, Dr. Lorenz Karall, war viele Jahre lang Landeshauptmann, der Di\u00f6zesanbischof ist Kroate, in allen \u00c4mtern und Beh\u00f6rden, in vielen leitenden Positionen sind Kroaten vertreten. [&#8230;] Im Burgenland wird niemand danach gefragt, ob er Kroate, Deutscher oder Ungar ist, h\u00f6chstens ob rot oder schwarz&#8230;&#8221;<br \/>\n(<a href=\"http:\/\/www.atlas-burgenland.at\/index.php?option=com_content&amp;view=article&amp;id=248:die-kroatenfrage-und-die-volkszaehlung-besonderer-art-1976&amp;catid=28&amp;Itemid=131\">http:\/\/www.atlas-burgenland.at\/index.php?option=com_content&amp;view=article&amp;id=248:die-kroatenfrage-und-die-volkszaehlung-besonderer-art-1976&amp;catid=28&amp;Itemid=131<\/a>)<\/p>\n<\/div><\/div><\/div><\/div><\/div>\n","protected":false},"excerpt":{"rendered":"<p>In den 1970er Jahren gab es heftige Auseinandersetzungen um die Minderheitenrechte der Kroaten im Burgenland. Dazu kamen erhebliche inhaltliche Differenzen in den Parteien. <\/p>\n","protected":false},"author":3,"featured_media":2038,"comment_status":"open","ping_status":"open","sticky":false,"template":"","format":"standard","meta":{"footnotes":""},"categories":[280,95],"tags":[102],"class_list":["post-2037","post","type-post","status-publish","format-standard","has-post-thumbnail","hentry","category-280","category-nach-1955-politik","tag-steinbrunn"],"_links":{"self":[{"href":"https:\/\/www.brettl.at\/blog\/wp-json\/wp\/v2\/posts\/2037","targetHints":{"allow":["GET"]}}],"collection":[{"href":"https:\/\/www.brettl.at\/blog\/wp-json\/wp\/v2\/posts"}],"about":[{"href":"https:\/\/www.brettl.at\/blog\/wp-json\/wp\/v2\/types\/post"}],"author":[{"embeddable":true,"href":"https:\/\/www.brettl.at\/blog\/wp-json\/wp\/v2\/users\/3"}],"replies":[{"embeddable":true,"href":"https:\/\/www.brettl.at\/blog\/wp-json\/wp\/v2\/comments?post=2037"}],"version-history":[{"count":3,"href":"https:\/\/www.brettl.at\/blog\/wp-json\/wp\/v2\/posts\/2037\/revisions"}],"predecessor-version":[{"id":4565,"href":"https:\/\/www.brettl.at\/blog\/wp-json\/wp\/v2\/posts\/2037\/revisions\/4565"}],"wp:featuredmedia":[{"embeddable":true,"href":"https:\/\/www.brettl.at\/blog\/wp-json\/wp\/v2\/media\/2038"}],"wp:attachment":[{"href":"https:\/\/www.brettl.at\/blog\/wp-json\/wp\/v2\/media?parent=2037"}],"wp:term":[{"taxonomy":"category","embeddable":true,"href":"https:\/\/www.brettl.at\/blog\/wp-json\/wp\/v2\/categories?post=2037"},{"taxonomy":"post_tag","embeddable":true,"href":"https:\/\/www.brettl.at\/blog\/wp-json\/wp\/v2\/tags?post=2037"}],"curies":[{"name":"wp","href":"https:\/\/api.w.org\/{rel}","templated":true}]}}