{"id":2047,"date":"2018-06-01T08:05:42","date_gmt":"2018-06-01T06:05:42","guid":{"rendered":"http:\/\/www.brettl.at\/blog\/?p=2047"},"modified":"2024-09-02T17:15:57","modified_gmt":"2024-09-02T15:15:57","slug":"sorge-um-die-hygiene-und-luftqualitaet","status":"publish","type":"post","link":"https:\/\/www.brettl.at\/blog\/sorge-um-die-hygiene-und-luftqualitaet\/","title":{"rendered":"Sorge um die Hygiene und Luftqualit\u00e4t"},"content":{"rendered":"<div class=\"fusion-fullwidth fullwidth-box fusion-builder-row-1 fusion-flex-container nonhundred-percent-fullwidth non-hundred-percent-height-scrolling\" style=\"--awb-border-radius-top-left:0px;--awb-border-radius-top-right:0px;--awb-border-radius-bottom-right:0px;--awb-border-radius-bottom-left:0px;--awb-flex-wrap:wrap;\" ><div class=\"fusion-builder-row fusion-row fusion-flex-align-items-flex-start fusion-flex-content-wrap\" style=\"max-width:1100.32px;margin-left: calc(-4% \/ 2 );margin-right: calc(-4% \/ 2 );\"><div class=\"fusion-layout-column fusion_builder_column fusion-builder-column-0 fusion_builder_column_1_1 1_1 fusion-flex-column\" style=\"--awb-bg-size:cover;--awb-width-large:100%;--awb-margin-top-large:0px;--awb-spacing-right-large:1.92%;--awb-margin-bottom-large:0px;--awb-spacing-left-large:1.92%;--awb-width-medium:100%;--awb-spacing-right-medium:1.92%;--awb-spacing-left-medium:1.92%;--awb-width-small:100%;--awb-spacing-right-small:1.92%;--awb-spacing-left-small:1.92%;\"><div class=\"fusion-column-wrapper fusion-flex-justify-content-flex-start fusion-content-layout-column\"><div class=\"fusion-text fusion-text-1\"><p><span style=\"font-family: 'Verdana',sans-serif;\"><span style=\"color: #000000;\">Der gr\u00f6\u00dfte Ledererzeuger im damaligen \u00d6denburger Kammerbezirk war die Lederfabrik Spitzer in Eisenstadt, die 1817 in Unterberg, heute Unterberggasse Nr. 16, von Abraham Spitzer gegr\u00fcndet worden war. Die Fabrik verf\u00fcgte um 1880 \u00fcber 14 Lohgruben f\u00fcr 160 bis 250 H\u00e4ute, 200 Lohbottiche f\u00fcr je 20 H\u00e4ute, zw\u00f6lf \u00c4scher und 40 Alaun- bzw. Beizbottiche. Erzeugt wurden Sohlenleder, Terzen, gezogene, gen\u00e4hte, braune und glatte Kuhh\u00e4ute, Blankleder, Brustbl\u00e4tter, Maschinenriemen und Alaunleder, etwa 10.000 bis 20.000 St\u00fcck pro Jahr. Eine Erweiterung des Fabrikgel\u00e4ndes wurde der Firma aus hygienischen Gr\u00fcnden untersagt.<br \/>\n<\/span><\/span><\/p>\n<div id=\"attachment_2048\" style=\"width: 221px\" class=\"wp-caption alignleft\"><a href=\"http:\/\/www.brettl.at\/wp-content\/uploads\/2018\/06\/spitzer.jpg\"><img decoding=\"async\" aria-describedby=\"caption-attachment-2048\" class=\"size-medium wp-image-2048\" src=\"http:\/\/www.brettl.at\/wp-content\/uploads\/2018\/06\/spitzer-211x300.jpg\" alt=\"Eisenstadt\" width=\"211\" height=\"300\" srcset=\"https:\/\/www.brettl.at\/wp-content\/uploads\/2018\/06\/spitzer-200x284.jpg 200w, https:\/\/www.brettl.at\/wp-content\/uploads\/2018\/06\/spitzer-211x300.jpg 211w, https:\/\/www.brettl.at\/wp-content\/uploads\/2018\/06\/spitzer-400x568.jpg 400w, https:\/\/www.brettl.at\/wp-content\/uploads\/2018\/06\/spitzer-600x852.jpg 600w, https:\/\/www.brettl.at\/wp-content\/uploads\/2018\/06\/spitzer-721x1024.jpg 721w, https:\/\/www.brettl.at\/wp-content\/uploads\/2018\/06\/spitzer-768x1091.jpg 768w, https:\/\/www.brettl.at\/wp-content\/uploads\/2018\/06\/spitzer-800x1136.jpg 800w, https:\/\/www.brettl.at\/wp-content\/uploads\/2018\/06\/spitzer.jpg 1000w\" sizes=\"(max-width: 211px) 100vw, 211px\" \/><\/a><p id=\"caption-attachment-2048\" class=\"wp-caption-text\">Gr\u00e4ber von Moritz, Sohn und Nachfolger von Abraham Spitzer, und seiner Gattin Hedy am J\u00fcdischen Friedhof in Eisenstadt<br \/>\u00a9 J\u00fcdisches Museum Eisenstadt<\/p><\/div>\n<p><span style=\"font-family: 'Verdana',sans-serif;\"><span style=\"color: #000000;\">Im Bescheid des Vizegespans vom 1. September 1895 wurde unter anderen ausgef\u00fchrt: <i>\u201eDie in Unterberg-Eisenstadt gegenw\u00e4rtig noch im gro\u00dfen Ma\u00dfe herrschende gastrische Fieber-Epidemie l\u00e4sst darauf schlie\u00dfen, dass die \u00fcberf\u00fcllten Wohnungen der enge zusammengebauten H\u00e4user eine st\u00e4ndige Gefahr f\u00fcr die \u00f6ffentliche Sanit\u00e4t darstelle. Mit R\u00fccksicht darauf, dass die Errichtung einer neuen Fabrik, welche in der lebhaftesten Gasse der Gemeinde geplant wird, nicht nur eine gr\u00f6\u00dfere Anzahl von Arbeitern besch\u00e4ftigt, sondern das zu verarbeitende Material auch auf die Luft in infizierender Weise Einfluss \u00fcbt, kann aus \u00f6ffentlichen R\u00fccksichten der Bau nicht bewilligt werden\u201c.<\/i><br \/>\n<\/span><\/span><span style=\"font-family: 'Verdana',sans-serif;\"><span style=\"color: #000000;\">Erst 1903 konnte die Fabrik bedeutend vergr\u00f6\u00dfert und eine neue Dampfmaschine aufgestellt werden. Die Erzeugnisse gingen damals nach \u00d6sterreich, Bosnien, Serbien und Deutschland. Nach dem Ersten Weltkrieg wurde die Fabrik aufgelassen. (Agrarland Burgenland. Eisenstadt 2017. S. 478)<\/span><\/span><\/p>\n<\/div><\/div><\/div><\/div><\/div>\n","protected":false},"excerpt":{"rendered":"<p>Der gr\u00f6\u00dfte Ledererzeuger im damaligen \u00d6denburger Kammerbezirk war die Lederfabrik Spitzer in Eisenstadt, die 1817 in Unterberg von Abraham Spitzer gegr\u00fcndet worden war. <\/p>\n","protected":false},"author":3,"featured_media":2048,"comment_status":"open","ping_status":"open","sticky":false,"template":"","format":"standard","meta":{"footnotes":""},"categories":[280,38,61],"tags":[54],"class_list":["post-2047","post","type-post","status-publish","format-standard","has-post-thumbnail","hentry","category-280","category-westungarn","category-wirtschaft","tag-eisenstadt"],"_links":{"self":[{"href":"https:\/\/www.brettl.at\/blog\/wp-json\/wp\/v2\/posts\/2047","targetHints":{"allow":["GET"]}}],"collection":[{"href":"https:\/\/www.brettl.at\/blog\/wp-json\/wp\/v2\/posts"}],"about":[{"href":"https:\/\/www.brettl.at\/blog\/wp-json\/wp\/v2\/types\/post"}],"author":[{"embeddable":true,"href":"https:\/\/www.brettl.at\/blog\/wp-json\/wp\/v2\/users\/3"}],"replies":[{"embeddable":true,"href":"https:\/\/www.brettl.at\/blog\/wp-json\/wp\/v2\/comments?post=2047"}],"version-history":[{"count":3,"href":"https:\/\/www.brettl.at\/blog\/wp-json\/wp\/v2\/posts\/2047\/revisions"}],"predecessor-version":[{"id":4563,"href":"https:\/\/www.brettl.at\/blog\/wp-json\/wp\/v2\/posts\/2047\/revisions\/4563"}],"wp:featuredmedia":[{"embeddable":true,"href":"https:\/\/www.brettl.at\/blog\/wp-json\/wp\/v2\/media\/2048"}],"wp:attachment":[{"href":"https:\/\/www.brettl.at\/blog\/wp-json\/wp\/v2\/media?parent=2047"}],"wp:term":[{"taxonomy":"category","embeddable":true,"href":"https:\/\/www.brettl.at\/blog\/wp-json\/wp\/v2\/categories?post=2047"},{"taxonomy":"post_tag","embeddable":true,"href":"https:\/\/www.brettl.at\/blog\/wp-json\/wp\/v2\/tags?post=2047"}],"curies":[{"name":"wp","href":"https:\/\/api.w.org\/{rel}","templated":true}]}}