{"id":2132,"date":"2018-08-07T08:42:38","date_gmt":"2018-08-07T06:42:38","guid":{"rendered":"https:\/\/www.brettl.at\/blog\/?p=2132"},"modified":"2024-09-02T17:14:40","modified_gmt":"2024-09-02T15:14:40","slug":"entschaedigung-wird-verwehrt","status":"publish","type":"post","link":"https:\/\/www.brettl.at\/blog\/entschaedigung-wird-verwehrt\/","title":{"rendered":"Entsch\u00e4digung wird verwehrt"},"content":{"rendered":"<div class=\"fusion-fullwidth fullwidth-box fusion-builder-row-1 fusion-flex-container nonhundred-percent-fullwidth non-hundred-percent-height-scrolling\" style=\"--awb-border-radius-top-left:0px;--awb-border-radius-top-right:0px;--awb-border-radius-bottom-right:0px;--awb-border-radius-bottom-left:0px;--awb-flex-wrap:wrap;\" ><div class=\"fusion-builder-row fusion-row fusion-flex-align-items-flex-start fusion-flex-content-wrap\" style=\"max-width:1100.32px;margin-left: calc(-4% \/ 2 );margin-right: calc(-4% \/ 2 );\"><div class=\"fusion-layout-column fusion_builder_column fusion-builder-column-0 fusion_builder_column_1_1 1_1 fusion-flex-column\" style=\"--awb-bg-size:cover;--awb-width-large:100%;--awb-margin-top-large:0px;--awb-spacing-right-large:1.92%;--awb-margin-bottom-large:0px;--awb-spacing-left-large:1.92%;--awb-width-medium:100%;--awb-spacing-right-medium:1.92%;--awb-spacing-left-medium:1.92%;--awb-width-small:100%;--awb-spacing-right-small:1.92%;--awb-spacing-left-small:1.92%;\"><div class=\"fusion-column-wrapper fusion-flex-justify-content-flex-start fusion-content-layout-column\"><div class=\"fusion-text fusion-text-1\"><p><span style=\"font-family: 'Verdana',sans-serif;\"><span style=\"color: #000000;\">Am 21. Juli 1940 wurden durch Rechnitz franz\u00f6sische Kriegsgefangene transportiert. Diese hielten auf dem Hauptplatz eine kleine Rast ab und lasen auf der Stra\u00dfe Zigarettenstummel auf. Franz U. aus Rechnitz hatte Mitleid mit ihnen und verteilte an die Gefangenen Zigaretten. Daraufhin wurde er vom Ortsgruppenleiter angezeigt und wenige Tage sp\u00e4ter wegen \u201eVerbrechens nach \u00a7 4 der Verordnung zum Schutze der Wehrkraft des deutschen Volkes\u201c von der Gestapo verhaftet. Die n\u00e4chsten 104 Tage musste Franz U. im Bezirksgefangenenhaus Oberwart verbringen.<br \/>\n<\/span><\/span><span style=\"font-family: 'Verdana',sans-serif;\"><span style=\"color: #000000;\"><a href=\"https:\/\/www.brettl.at\/wp-content\/uploads\/2018\/08\/256-Kopie.jpg\"><img decoding=\"async\" class=\"alignleft size-medium wp-image-2133\" src=\"https:\/\/www.brettl.at\/wp-content\/uploads\/2018\/08\/256-Kopie-300x123.jpg\" alt=\"Entsch\u00e4digung\" width=\"300\" height=\"123\" srcset=\"https:\/\/www.brettl.at\/wp-content\/uploads\/2018\/08\/256-Kopie-200x82.jpg 200w, https:\/\/www.brettl.at\/wp-content\/uploads\/2018\/08\/256-Kopie-300x123.jpg 300w, https:\/\/www.brettl.at\/wp-content\/uploads\/2018\/08\/256-Kopie-400x164.jpg 400w, https:\/\/www.brettl.at\/wp-content\/uploads\/2018\/08\/256-Kopie-600x247.jpg 600w, https:\/\/www.brettl.at\/wp-content\/uploads\/2018\/08\/256-Kopie-669x272.jpg 669w, https:\/\/www.brettl.at\/wp-content\/uploads\/2018\/08\/256-Kopie-768x316.jpg 768w, https:\/\/www.brettl.at\/wp-content\/uploads\/2018\/08\/256-Kopie-800x329.jpg 800w, https:\/\/www.brettl.at\/wp-content\/uploads\/2018\/08\/256-Kopie-1024x421.jpg 1024w, https:\/\/www.brettl.at\/wp-content\/uploads\/2018\/08\/256-Kopie.jpg 1090w\" sizes=\"(max-width: 300px) 100vw, 300px\" \/><\/a>Nach Kriegsende stellte er 1947 einen Antrag auf Amtsbescheinigung gem\u00e4\u00df dem Opferf\u00fcrsorgegesetz. Dieser Antrag wurde abgelehnt, da nur jene Personen Anspruch hatten, die mindestens ein Jahr inhaftiert waren, oder sechs Monate und dabei ein seelisches oder k\u00f6rperliches Leiden davongetragen hatten.<br \/>\n<\/span><\/span><span style=\"font-family: 'Verdana',sans-serif;\"><span style=\"color: #000000;\">Franz U. erhob gegen den Bescheid 1953 Einspruch: \u201e[\u2026] Ich habe, wie in meinem 1. Ansuchen angef\u00fchrt, den Kriegsgefangenen, nachdem ich gesehen hatte, wie sie Zigarettenstummel von der Stra\u00dfe aufheben, 2 Schachtel Zigaretten gekauft und ihnen gegeben. Ich war der Meinung, da\u00df die Kriegsgefangenen nicht mehr unsere Feinde sind, da ich in meiner aktiven Zeit im Ersten Weltkrieg immer wieder gelernt habe, da\u00df diese Leute, welche die Waffen gestreckt haben, als unsere Freunde zu betrachten sind. [\u2026] Ich ersuche Sie daher nicht um ein Almosen, sondern um Ausstellung einer Amtsbescheinigung, da\u00df ich f\u00fcr den Schaden der mir zugef\u00fcgt wurde mindestens eine Beg\u00fcnstigung bei der Steuer erhalte. [\u2026]\u201c<br \/>\n<\/span><\/span><span style=\"font-family: 'Verdana',sans-serif;\"><span style=\"color: #000000;\">Dem Einspruch wurde 1959 nicht stattgegeben und Franz U. erhielt keine Entsch\u00e4digung.<br \/>\n<\/span><\/span><span style=\"font-family: 'Verdana',sans-serif; font-size: 8pt;\"><span style=\"color: #000000;\">(Landesarchiv Burgenland. Opferf\u00fcrsorgeakten. VIII 2046\/1959)<\/span><\/span><\/p>\n<\/div><\/div><\/div><\/div><\/div>\n","protected":false},"excerpt":{"rendered":"<p>Am 21. Juli 1940 wurden durch Rechnitz franz\u00f6sische Kriegsgefangene transportiert. Diese hielten auf dem Hauptplatz eine kleine Rast ab und lasen auf der Stra\u00dfe Zigarettenstummel auf. <\/p>\n","protected":false},"author":3,"featured_media":2133,"comment_status":"open","ping_status":"open","sticky":false,"template":"","format":"standard","meta":{"footnotes":""},"categories":[280,95,48],"tags":[73],"class_list":["post-2132","post","type-post","status-publish","format-standard","has-post-thumbnail","hentry","category-280","category-nach-1955-politik","category-nationalsozialismus","tag-rechnitz"],"_links":{"self":[{"href":"https:\/\/www.brettl.at\/blog\/wp-json\/wp\/v2\/posts\/2132","targetHints":{"allow":["GET"]}}],"collection":[{"href":"https:\/\/www.brettl.at\/blog\/wp-json\/wp\/v2\/posts"}],"about":[{"href":"https:\/\/www.brettl.at\/blog\/wp-json\/wp\/v2\/types\/post"}],"author":[{"embeddable":true,"href":"https:\/\/www.brettl.at\/blog\/wp-json\/wp\/v2\/users\/3"}],"replies":[{"embeddable":true,"href":"https:\/\/www.brettl.at\/blog\/wp-json\/wp\/v2\/comments?post=2132"}],"version-history":[{"count":3,"href":"https:\/\/www.brettl.at\/blog\/wp-json\/wp\/v2\/posts\/2132\/revisions"}],"predecessor-version":[{"id":4553,"href":"https:\/\/www.brettl.at\/blog\/wp-json\/wp\/v2\/posts\/2132\/revisions\/4553"}],"wp:featuredmedia":[{"embeddable":true,"href":"https:\/\/www.brettl.at\/blog\/wp-json\/wp\/v2\/media\/2133"}],"wp:attachment":[{"href":"https:\/\/www.brettl.at\/blog\/wp-json\/wp\/v2\/media?parent=2132"}],"wp:term":[{"taxonomy":"category","embeddable":true,"href":"https:\/\/www.brettl.at\/blog\/wp-json\/wp\/v2\/categories?post=2132"},{"taxonomy":"post_tag","embeddable":true,"href":"https:\/\/www.brettl.at\/blog\/wp-json\/wp\/v2\/tags?post=2132"}],"curies":[{"name":"wp","href":"https:\/\/api.w.org\/{rel}","templated":true}]}}