{"id":2163,"date":"2018-09-02T08:03:30","date_gmt":"2018-09-02T06:03:30","guid":{"rendered":"https:\/\/www.brettl.at\/blog\/?p=2163"},"modified":"2024-09-02T17:19:16","modified_gmt":"2024-09-02T15:19:16","slug":"schulbeginn-im-september-1938","status":"publish","type":"post","link":"https:\/\/www.brettl.at\/blog\/schulbeginn-im-september-1938\/","title":{"rendered":"Schulbeginn im September 1938"},"content":{"rendered":"<div class=\"fusion-fullwidth fullwidth-box fusion-builder-row-1 fusion-flex-container nonhundred-percent-fullwidth non-hundred-percent-height-scrolling\" style=\"--awb-border-radius-top-left:0px;--awb-border-radius-top-right:0px;--awb-border-radius-bottom-right:0px;--awb-border-radius-bottom-left:0px;--awb-flex-wrap:wrap;\" ><div class=\"fusion-builder-row fusion-row fusion-flex-align-items-flex-start fusion-flex-content-wrap\" style=\"max-width:1100.32px;margin-left: calc(-4% \/ 2 );margin-right: calc(-4% \/ 2 );\"><div class=\"fusion-layout-column fusion_builder_column fusion-builder-column-0 fusion_builder_column_1_1 1_1 fusion-flex-column\" style=\"--awb-bg-size:cover;--awb-width-large:100%;--awb-margin-top-large:0px;--awb-spacing-right-large:1.92%;--awb-margin-bottom-large:0px;--awb-spacing-left-large:1.92%;--awb-width-medium:100%;--awb-spacing-right-medium:1.92%;--awb-spacing-left-medium:1.92%;--awb-width-small:100%;--awb-spacing-right-small:1.92%;--awb-spacing-left-small:1.92%;\"><div class=\"fusion-column-wrapper fusion-flex-justify-content-flex-start fusion-content-layout-column\"><div class=\"fusion-text fusion-text-1\"><p>Die NS-Machtergreifung brachte auch f\u00fcr das burgenl\u00e4ndische Schulwesen eine F\u00fclle von einschneidenden Ver\u00e4nderungen. Gleich in den ersten Tagen wurden politisch motivierte S\u00e4uberungen durchgef\u00fchrt, insbesondere bei Lehrerinnen und Lehrern, die dem \u201eSt\u00e4ndestaat\u201c positiv gegen\u00fcberstanden. Von denen, die weiter unterrichten durften, wurde verlangt, einen Eid auf Adolf Hitler abzulegen. Au\u00dferdem versuchte man, sie gleichzuschalten und auf der Grundlage der nationalsozialistischen Weltanschauung fortzubilden. Auch der Schulalltag und die Unterrichtsform wurden nach den Vorgaben der NS-Ideologie umgestaltet.<\/p>\n<div id=\"attachment_2164\" style=\"width: 310px\" class=\"wp-caption alignleft\"><a href=\"https:\/\/www.brettl.at\/wp-content\/uploads\/2018\/09\/Schulhaus.png\"><img decoding=\"async\" aria-describedby=\"caption-attachment-2164\" class=\"size-medium wp-image-2164\" src=\"https:\/\/www.brettl.at\/wp-content\/uploads\/2018\/09\/Schulhaus-300x193.png\" alt=\"Schulhaus\" width=\"300\" height=\"193\" srcset=\"https:\/\/www.brettl.at\/wp-content\/uploads\/2018\/09\/Schulhaus-200x129.png 200w, https:\/\/www.brettl.at\/wp-content\/uploads\/2018\/09\/Schulhaus-300x193.png 300w, https:\/\/www.brettl.at\/wp-content\/uploads\/2018\/09\/Schulhaus-400x258.png 400w, https:\/\/www.brettl.at\/wp-content\/uploads\/2018\/09\/Schulhaus-460x295.png 460w, https:\/\/www.brettl.at\/wp-content\/uploads\/2018\/09\/Schulhaus.png 543w\" sizes=\"(max-width: 300px) 100vw, 300px\" \/><\/a><p id=\"caption-attachment-2164\" class=\"wp-caption-text\">\u00a9 Das geschm\u00fcckte Schulhaus von Eisenh\u00fcttel. Quelle: Adi Lang, St. Kathrein<\/p><\/div>\n<p>In der Schulchronik von Drassmarkt findet sich folgender Eintrag:<br \/>\n<em>\u201eDas Schuljahr 1938-39 beginnt um 9 Uhr mit der Morgenfeier. Ist der erste Schulbeginn im nationalsozialistischen Gro\u00dfdeutschland. Das Schultor, der Fahnenmast sowie das F\u00fchrerbild in jeder Klasse waren mit frischem Gr\u00fcn geschm\u00fcckt. Auf dem Tische des Lehrers standen Blumen.<br \/>\n<\/em><em>Programm der Morgenfeier:<br \/>\n<\/em><em>1.) Lied: Vorw\u00e4rts<br \/>\n<\/em><em>2.) Festrede des Schulleiters<br \/>\n<\/em><em>3.) Deutschland-Lied und Horst-Wessel-Lied<br \/>\n<\/em><em>4.) Flaggenhissung<br \/>\n<\/em><em>5.) Er\u00f6ffnung des Schuljahres 1938-39.<br \/>\n<\/em><em>Mit Beginn des Schuljahres 1938-39 wurde unsere Schule, die bisher r\u00f6m.-kath. konfessionell war, eine allgemeine \u00f6ffentliche Volksschule.&#8221;<br \/>\n<\/em>(In: Eine Zeitreise durch Drassmarkt, 2014. S. 74)<\/p>\n<\/div><\/div><\/div><\/div><\/div>\n","protected":false},"excerpt":{"rendered":"<p>Die NS-Machtergreifung brachte auch f\u00fcr das burgenl\u00e4ndische Schulwesen eine F\u00fclle von einschneidenden Ver\u00e4nderungen. <\/p>\n","protected":false},"author":3,"featured_media":2164,"comment_status":"open","ping_status":"open","sticky":false,"template":"","format":"standard","meta":{"footnotes":""},"categories":[280,48],"tags":[190],"class_list":["post-2163","post","type-post","status-publish","format-standard","has-post-thumbnail","hentry","category-280","category-nationalsozialismus","tag-drassmarkt"],"_links":{"self":[{"href":"https:\/\/www.brettl.at\/blog\/wp-json\/wp\/v2\/posts\/2163","targetHints":{"allow":["GET"]}}],"collection":[{"href":"https:\/\/www.brettl.at\/blog\/wp-json\/wp\/v2\/posts"}],"about":[{"href":"https:\/\/www.brettl.at\/blog\/wp-json\/wp\/v2\/types\/post"}],"author":[{"embeddable":true,"href":"https:\/\/www.brettl.at\/blog\/wp-json\/wp\/v2\/users\/3"}],"replies":[{"embeddable":true,"href":"https:\/\/www.brettl.at\/blog\/wp-json\/wp\/v2\/comments?post=2163"}],"version-history":[{"count":3,"href":"https:\/\/www.brettl.at\/blog\/wp-json\/wp\/v2\/posts\/2163\/revisions"}],"predecessor-version":[{"id":4578,"href":"https:\/\/www.brettl.at\/blog\/wp-json\/wp\/v2\/posts\/2163\/revisions\/4578"}],"wp:featuredmedia":[{"embeddable":true,"href":"https:\/\/www.brettl.at\/blog\/wp-json\/wp\/v2\/media\/2164"}],"wp:attachment":[{"href":"https:\/\/www.brettl.at\/blog\/wp-json\/wp\/v2\/media?parent=2163"}],"wp:term":[{"taxonomy":"category","embeddable":true,"href":"https:\/\/www.brettl.at\/blog\/wp-json\/wp\/v2\/categories?post=2163"},{"taxonomy":"post_tag","embeddable":true,"href":"https:\/\/www.brettl.at\/blog\/wp-json\/wp\/v2\/tags?post=2163"}],"curies":[{"name":"wp","href":"https:\/\/api.w.org\/{rel}","templated":true}]}}