{"id":2172,"date":"2018-09-11T06:48:12","date_gmt":"2018-09-11T04:48:12","guid":{"rendered":"https:\/\/www.brettl.at\/blog\/?p=2172"},"modified":"2024-09-02T17:19:06","modified_gmt":"2024-09-02T15:19:06","slug":"der-film-flucht-ins-schilf-ein-feind-des-burgenlandes","status":"publish","type":"post","link":"https:\/\/www.brettl.at\/blog\/der-film-flucht-ins-schilf-ein-feind-des-burgenlandes\/","title":{"rendered":"Der Film \u201eFlucht ins Schilf\u201c \u2013 \u201eein Feind des Burgenlandes\u201c"},"content":{"rendered":"<div class=\"fusion-fullwidth fullwidth-box fusion-builder-row-1 nonhundred-percent-fullwidth non-hundred-percent-height-scrolling\" style=\"--awb-border-radius-top-left:0px;--awb-border-radius-top-right:0px;--awb-border-radius-bottom-right:0px;--awb-border-radius-bottom-left:0px;--awb-flex-wrap:wrap;\" ><div class=\"fusion-builder-row fusion-row\"><div class=\"fusion-layout-column fusion_builder_column fusion-builder-column-0 fusion_builder_column_1_1 1_1 fusion-one-full fusion-column-first fusion-column-last\" style=\"--awb-bg-size:cover;--awb-margin-bottom:0px;\"><div class=\"fusion-column-wrapper fusion-flex-column-wrapper-legacy\"><div class=\"fusion-text fusion-text-1\"><p>\u201eAm Neusiedlersee wird die Leiche eines Postboten gefunden, die Ermittlungen ergeben, dass es sich dabei wohl um einen Raubmord handelt und gleich mehrere der Dorfbewohner geraten in den engeren Kreis der Verd\u00e4chtigen. [\u2026]\u201c So lautet die Filmbeschreibung aus dem Jahr 1953. Die burgenl\u00e4ndischen Medien waren von diesem \u201eBurgenlandfilm\u201c \u00fcberhaupt nicht begeistert und h\u00e4tten sich wohl einen anderen \u201ePropagandafilm\u201c gew\u00fcnscht.<br \/>\n<a href=\"https:\/\/www.brettl.at\/wp-content\/uploads\/2018\/09\/pr1084721.jpg\"><img decoding=\"async\" class=\"alignleft size-medium wp-image-2173\" src=\"https:\/\/www.brettl.at\/wp-content\/uploads\/2018\/09\/pr1084721-214x300.jpg\" alt=\"Flucht\" width=\"214\" height=\"300\" srcset=\"https:\/\/www.brettl.at\/wp-content\/uploads\/2018\/09\/pr1084721-200x280.jpg 200w, https:\/\/www.brettl.at\/wp-content\/uploads\/2018\/09\/pr1084721-214x300.jpg 214w, https:\/\/www.brettl.at\/wp-content\/uploads\/2018\/09\/pr1084721-400x560.jpg 400w, https:\/\/www.brettl.at\/wp-content\/uploads\/2018\/09\/pr1084721.jpg 500w\" sizes=\"(max-width: 214px) 100vw, 214px\" \/><\/a>So schreibt Der Burgenl\u00e4ndische Bauernb\u00fcndler am 14. April 1953:<br \/>\n\u201eVoll Freude und Genugtuung h\u00f6rten wir in den vergangenen Monaten, da\u00df eine Schar junger, talentierter Filmschaffender nach Podersdorf an die Ufer des Neusiedler Sees gezogen sind, um dort mit dem See als \u201eHauptdarsteller\u201c einen Film zu drehen. Die Landesregierung entsandte zur Begr\u00fc\u00dfung der K\u00fcnstler einen Beamten, die Bev\u00f6lkerung von Podersdorf spielte mit gr\u00f6\u00dfter Begeisterung mit. Nun liegt das Resultat dieser Bem\u00fchungen vor. Es ist ersch\u00fctternd. [\u2026] Was haben aber die Menschen aus dieser einmaligen Filmgelegenheit gemacht? Sie haben die Natur vergewaltigt, sie haben den flei\u00dfigen, anst\u00e4ndigen Burgenl\u00e4nder zu einem Tagesdieb und verbrecherischen Menschen gestempelt. Der Mord, der im Schilf begangen wurde, erregte die Menschen \u2013 sie suchen den M\u00f6rder. Kein einziger der Gemeinde, scheint der Regie anst\u00e4ndig genug zu sein, da\u00df auch er nicht der M\u00f6rder sein k\u00f6nnte. In dem Film wird mehr Wein getrunken, als Podersdorf wahrscheinlich j\u00e4hrlich erntet. Die Frauen und M\u00e4dchen d\u00fcrften dort weniger an die Arbeit, als an die Liebe denken.<br \/>\nNeben krassen Regiefehlern (seit wann geht der Gendarm mit geschultertem Gewehr in die Kirche und bel\u00e4\u00dft die M\u00fctze auf dem Kopf?) sp\u00fcrt man die Sucht des Regisseurs, um jeden Preis irgendetwas Neues zu machen, etwas nie Dagewesenes zu versuchen. Was daraus geworden ist, ist ebenfalls einmalig. Leider im schlechten Sinne.<br \/>\nWir bedauern, da\u00df viele dieser Burgenlandfilme keine gute Propaganda f\u00fcr unser noch zu wenig bekanntes Land machen wird, werden aber bei einem neuen, in unserem Land gedrehten Film daf\u00fcr sorgen, da\u00df nicht ein neuer Feind, sondern ein neuer Freund daraus wird.\u201c<br \/>\n(Der Burgenl\u00e4ndische Bauernb\u00fcndler, 14. April 1953, S. 7)<\/p>\n<\/div><div class=\"fusion-clearfix\"><\/div><\/div><\/div><\/div><\/div>\n","protected":false},"excerpt":{"rendered":"<p>\u201eAm Neusiedlersee wird die Leiche eines Postboten gefunden, die Ermittlungen ergeben, dass es sich dabei wohl um einen Raubmord handelt \u2026\u201c <\/p>\n","protected":false},"author":3,"featured_media":2173,"comment_status":"open","ping_status":"open","sticky":false,"template":"","format":"standard","meta":{"footnotes":""},"categories":[280,67,231],"tags":[44],"class_list":["post-2172","post","type-post","status-publish","format-standard","has-post-thumbnail","hentry","category-280","category-fremdenverkehr","category-kultur","tag-podersdorf"],"_links":{"self":[{"href":"https:\/\/www.brettl.at\/blog\/wp-json\/wp\/v2\/posts\/2172","targetHints":{"allow":["GET"]}}],"collection":[{"href":"https:\/\/www.brettl.at\/blog\/wp-json\/wp\/v2\/posts"}],"about":[{"href":"https:\/\/www.brettl.at\/blog\/wp-json\/wp\/v2\/types\/post"}],"author":[{"embeddable":true,"href":"https:\/\/www.brettl.at\/blog\/wp-json\/wp\/v2\/users\/3"}],"replies":[{"embeddable":true,"href":"https:\/\/www.brettl.at\/blog\/wp-json\/wp\/v2\/comments?post=2172"}],"version-history":[{"count":3,"href":"https:\/\/www.brettl.at\/blog\/wp-json\/wp\/v2\/posts\/2172\/revisions"}],"predecessor-version":[{"id":2176,"href":"https:\/\/www.brettl.at\/blog\/wp-json\/wp\/v2\/posts\/2172\/revisions\/2176"}],"wp:featuredmedia":[{"embeddable":true,"href":"https:\/\/www.brettl.at\/blog\/wp-json\/wp\/v2\/media\/2173"}],"wp:attachment":[{"href":"https:\/\/www.brettl.at\/blog\/wp-json\/wp\/v2\/media?parent=2172"}],"wp:term":[{"taxonomy":"category","embeddable":true,"href":"https:\/\/www.brettl.at\/blog\/wp-json\/wp\/v2\/categories?post=2172"},{"taxonomy":"post_tag","embeddable":true,"href":"https:\/\/www.brettl.at\/blog\/wp-json\/wp\/v2\/tags?post=2172"}],"curies":[{"name":"wp","href":"https:\/\/api.w.org\/{rel}","templated":true}]}}