{"id":2178,"date":"2018-09-16T08:20:42","date_gmt":"2018-09-16T06:20:42","guid":{"rendered":"https:\/\/www.brettl.at\/blog\/?p=2178"},"modified":"2024-09-02T17:19:01","modified_gmt":"2024-09-02T15:19:01","slug":"woodstock-im-burgenland","status":"publish","type":"post","link":"https:\/\/www.brettl.at\/blog\/woodstock-im-burgenland\/","title":{"rendered":"Woodstock im Burgenland"},"content":{"rendered":"<div class=\"fusion-fullwidth fullwidth-box fusion-builder-row-1 nonhundred-percent-fullwidth non-hundred-percent-height-scrolling\" style=\"--awb-border-radius-top-left:0px;--awb-border-radius-top-right:0px;--awb-border-radius-bottom-right:0px;--awb-border-radius-bottom-left:0px;--awb-flex-wrap:wrap;\" ><div class=\"fusion-builder-row fusion-row\"><div class=\"fusion-layout-column fusion_builder_column fusion-builder-column-0 fusion_builder_column_1_1 1_1 fusion-one-full fusion-column-first fusion-column-last\" style=\"--awb-bg-size:cover;--awb-margin-bottom:0px;\"><div class=\"fusion-column-wrapper fusion-flex-column-wrapper-legacy\"><div class=\"fusion-text fusion-text-1\"><p>Im August 1977 ging auf dem Gel\u00e4nde der Cselley-M\u00fchle in Oslip ein legend\u00e4res Popfestival \u00fcber die B\u00fchne, das bald den Namen \u201eWoodstock auf Burgenl\u00e4ndisch\u201c erhielt<strong>. <\/strong>Zwei Tage und zwei N\u00e4chte lang spielten in- und ausl\u00e4ndische Bands auf der Wiese hinter dem kurz zuvor gegr\u00fcndeten Kulturzentrum. Die absoluten Stars dieses Festivals waren die britischen Hitparadenst\u00fcrmer \u201eHot Chocolate\u201c. 5.000 bis 7.000 Besucherinnen und Besucher z\u00e4hlte das Festival.<br \/>\n<a href=\"https:\/\/www.brettl.at\/wp-content\/uploads\/2018\/09\/woodstock.jpg\"><img decoding=\"async\" class=\"alignleft size-medium wp-image-2179\" src=\"https:\/\/www.brettl.at\/wp-content\/uploads\/2018\/09\/woodstock-267x300.jpg\" alt=\"woodstock\" width=\"267\" height=\"300\" srcset=\"https:\/\/www.brettl.at\/wp-content\/uploads\/2018\/09\/woodstock-200x224.jpg 200w, https:\/\/www.brettl.at\/wp-content\/uploads\/2018\/09\/woodstock-267x300.jpg 267w, https:\/\/www.brettl.at\/wp-content\/uploads\/2018\/09\/woodstock-400x449.jpg 400w, https:\/\/www.brettl.at\/wp-content\/uploads\/2018\/09\/woodstock-600x673.jpg 600w, https:\/\/www.brettl.at\/wp-content\/uploads\/2018\/09\/woodstock.jpg 640w\" sizes=\"(max-width: 267px) 100vw, 267px\" \/><\/a>Die BF, die sich intensiv um das Festival k\u00fcmmerte, schreibt \u00fcber die Veranstaltung am 24. August 1977:<br \/>\n\u201e[\u2026] Man hat vor dem Festival absch\u00e4tzig und h\u00f6hnisch von einem \u201eMini-Woodstock\u201c, dass da das \u201eJunge Burgenland\u201c in Oslip veranstalten wollte, gesprochen, man war skeptisch und hat ein Fiasko prophezeit. Wenn diese \u201ePropheten\u201c am Samstag in die Cselley-M\u00fchle gekommen w\u00e4ren, h\u00e4tten sie sich selbst vom Gegenteil \u00fcberzeugen k\u00f6nnen. Sie h\u00e4tten ein einmaliges Fest der Jugend, 8.000 begeisterte Pop-Fans und ganz ausgezeichnete Pop-Musik erleben k\u00f6nnen. Ein Festival, das, wie die Gruppen der Zuh\u00f6rer \u00fcbereinstimmend erkl\u00e4rten, ausgezeichnet organisiert war. Leider spielte am Sonntag das Wetter nicht so ideal mit wie am Samstag, doch in einem \u201aheroischen Kampf\u2018 konnten die Veranstalter einen Gro\u00dfteil auch dieses Tagesprogramms \u00fcber die Runden bringen.\u201c (BF vom 24. August. 35 Ausgabe. S. 32)<\/p>\n<\/div><div class=\"fusion-clearfix\"><\/div><\/div><\/div><\/div><\/div>\n","protected":false},"excerpt":{"rendered":"<p>Im August 1977 ging auf dem Gel\u00e4nde der Cselley-M\u00fchle in Oslip ein legend\u00e4res Popfestival \u00fcber die B\u00fchne, das bald den Namen \u201eWoodstock auf Burgenl\u00e4ndisch\u201c erhielt. <\/p>\n","protected":false},"author":3,"featured_media":2179,"comment_status":"open","ping_status":"open","sticky":false,"template":"","format":"standard","meta":{"footnotes":""},"categories":[280,231,41],"tags":[182],"class_list":["post-2178","post","type-post","status-publish","format-standard","has-post-thumbnail","hentry","category-280","category-kultur","category-soziales","tag-oslip"],"_links":{"self":[{"href":"https:\/\/www.brettl.at\/blog\/wp-json\/wp\/v2\/posts\/2178","targetHints":{"allow":["GET"]}}],"collection":[{"href":"https:\/\/www.brettl.at\/blog\/wp-json\/wp\/v2\/posts"}],"about":[{"href":"https:\/\/www.brettl.at\/blog\/wp-json\/wp\/v2\/types\/post"}],"author":[{"embeddable":true,"href":"https:\/\/www.brettl.at\/blog\/wp-json\/wp\/v2\/users\/3"}],"replies":[{"embeddable":true,"href":"https:\/\/www.brettl.at\/blog\/wp-json\/wp\/v2\/comments?post=2178"}],"version-history":[{"count":4,"href":"https:\/\/www.brettl.at\/blog\/wp-json\/wp\/v2\/posts\/2178\/revisions"}],"predecessor-version":[{"id":4576,"href":"https:\/\/www.brettl.at\/blog\/wp-json\/wp\/v2\/posts\/2178\/revisions\/4576"}],"wp:featuredmedia":[{"embeddable":true,"href":"https:\/\/www.brettl.at\/blog\/wp-json\/wp\/v2\/media\/2179"}],"wp:attachment":[{"href":"https:\/\/www.brettl.at\/blog\/wp-json\/wp\/v2\/media?parent=2178"}],"wp:term":[{"taxonomy":"category","embeddable":true,"href":"https:\/\/www.brettl.at\/blog\/wp-json\/wp\/v2\/categories?post=2178"},{"taxonomy":"post_tag","embeddable":true,"href":"https:\/\/www.brettl.at\/blog\/wp-json\/wp\/v2\/tags?post=2178"}],"curies":[{"name":"wp","href":"https:\/\/api.w.org\/{rel}","templated":true}]}}