{"id":2234,"date":"2018-10-31T08:05:03","date_gmt":"2018-10-31T07:05:03","guid":{"rendered":"https:\/\/www.brettl.at\/blog\/?p=2234"},"modified":"2024-09-02T17:18:04","modified_gmt":"2024-09-02T15:18:04","slug":"regelung-der-fasszieherentlohung","status":"publish","type":"post","link":"https:\/\/www.brettl.at\/blog\/regelung-der-fasszieherentlohung\/","title":{"rendered":"Regelung der Fasszieherentlohung"},"content":{"rendered":"<div class=\"fusion-fullwidth fullwidth-box fusion-builder-row-1 fusion-flex-container nonhundred-percent-fullwidth non-hundred-percent-height-scrolling\" style=\"--awb-border-radius-top-left:0px;--awb-border-radius-top-right:0px;--awb-border-radius-bottom-right:0px;--awb-border-radius-bottom-left:0px;--awb-flex-wrap:wrap;\" ><div class=\"fusion-builder-row fusion-row fusion-flex-align-items-flex-start fusion-flex-content-wrap\" style=\"max-width:1100.32px;margin-left: calc(-4% \/ 2 );margin-right: calc(-4% \/ 2 );\"><div class=\"fusion-layout-column fusion_builder_column fusion-builder-column-0 fusion_builder_column_1_1 1_1 fusion-flex-column\" style=\"--awb-bg-size:cover;--awb-width-large:100%;--awb-margin-top-large:0px;--awb-spacing-right-large:1.92%;--awb-margin-bottom-large:0px;--awb-spacing-left-large:1.92%;--awb-width-medium:100%;--awb-spacing-right-medium:1.92%;--awb-spacing-left-medium:1.92%;--awb-width-small:100%;--awb-spacing-right-small:1.92%;--awb-spacing-left-small:1.92%;\"><div class=\"fusion-column-wrapper fusion-flex-justify-content-flex-start fusion-content-layout-column\"><div class=\"fusion-text fusion-text-1\"><p><span lang=\"DE-AT\" style=\"font-family: 'Verdana',sans-serif; font-size: 11pt;\"><span style=\"color: #000000;\">In Ermangelung von Pumpen wurde fr\u00fcher der Wein samt dem Gebinde verkauft. Die Fasszieher, welche zumeist auch Weinsensale waren, zogen beim Weinverkauf die F\u00e4sser aus den Kellern. Nach Beschwerden setzte sich die Burgenl\u00e4ndische Landwirtschaftskammer daf\u00fcr ein, dass der Verdienst der Fasszieher einheitlich geregelt wird.<br \/>\n<\/span><\/span><\/p>\n<div id=\"attachment_2235\" style=\"width: 225px\" class=\"wp-caption alignleft\"><a href=\"https:\/\/www.brettl.at\/wp-content\/uploads\/2018\/10\/Fasszieher-M\u00f6nchhof1.jpg\"><img decoding=\"async\" aria-describedby=\"caption-attachment-2235\" class=\"size-medium wp-image-2235\" src=\"https:\/\/www.brettl.at\/wp-content\/uploads\/2018\/10\/Fasszieher-M\u00f6nchhof1-215x300.jpg\" alt=\"M\u00f6nchhof\" width=\"215\" height=\"300\" srcset=\"https:\/\/www.brettl.at\/wp-content\/uploads\/2018\/10\/Fasszieher-M\u00f6nchhof1-200x279.jpg 200w, https:\/\/www.brettl.at\/wp-content\/uploads\/2018\/10\/Fasszieher-M\u00f6nchhof1-215x300.jpg 215w, https:\/\/www.brettl.at\/wp-content\/uploads\/2018\/10\/Fasszieher-M\u00f6nchhof1-400x558.jpg 400w, https:\/\/www.brettl.at\/wp-content\/uploads\/2018\/10\/Fasszieher-M\u00f6nchhof1-600x837.jpg 600w, https:\/\/www.brettl.at\/wp-content\/uploads\/2018\/10\/Fasszieher-M\u00f6nchhof1-734x1024.jpg 734w, https:\/\/www.brettl.at\/wp-content\/uploads\/2018\/10\/Fasszieher-M\u00f6nchhof1-768x1071.jpg 768w, https:\/\/www.brettl.at\/wp-content\/uploads\/2018\/10\/Fasszieher-M\u00f6nchhof1.jpg 800w\" sizes=\"(max-width: 215px) 100vw, 215px\" \/><\/a><p id=\"caption-attachment-2235\" class=\"wp-caption-text\">Die M\u00f6nchhofer Fasszieher. Herr Krenn (53 Jahre alt) und Herr Rapp (51 Jahre alt).<\/p><\/div>\n<p><span lang=\"DE-AT\" style=\"font-family: 'Verdana',sans-serif; font-size: 11pt;\"><span style=\"color: #000000;\">\u201eAn das Gemeindeamt!<br \/>\n<\/span><\/span><span lang=\"DE-AT\" style=\"font-family: 'Verdana',sans-serif; font-size: 11pt;\"><span style=\"color: #000000;\">Gelegentlich der Besprechung der Obm\u00e4nner der burgenl. Weinbauvereine wurde vielfach gegen das Vorgehen einzelner Weinsensale bzw. Fasszieher Beschwerde gef\u00fchrt und ganz besonders darauf hingewiesen, dass in einzelnen Orten die Fasszieher f\u00fcr das Verladen der Weine viel zu viel von den K\u00e4ufern verlangen.<br \/>\n<\/span><\/span><span lang=\"DE-AT\" style=\"font-family: 'Verdana',sans-serif; font-size: 11pt;\"><span style=\"color: #000000;\">Die Burgenl. Landwirtschaftskammer musste mit gr\u00f6ssten Befremden feststellen, dass in einzelnen Orten die Fasszieher f\u00fcr das Verladen pro Hektoliter Wein 60 Groschen verlangen, w\u00e4hrend in anderen Orten f\u00fcr die gleiche Leistung nur 25 Groschen gefordert werden.<br \/>\n<\/span><\/span><span lang=\"DE-AT\" style=\"font-family: 'Verdana',sans-serif; font-size: 11pt;\"><span style=\"color: #000000;\">Hierzu ist zu sagen, dass ein Betrag von 25 g. als Entlohnung pro Hektoliter als angemessen zu bezeichnen ist und dass daher Mehrforderungen \u00fcber diesen Betrag hinaus als unangemessenen zu bezeichnen sind. Bei der heutigen \u00e4usserst schwierigen Lage des ganzen Weinbaues kann mit Fug auch von den Weinsensalen erwartet werden, dass sie ihre Forderungen nicht \u00fcberspannen. Allerdings sind die Verh\u00e4ltnisse in den einzelnen Orten nicht \u00fcberall die gleichen, und kann es noch hingenommen werden, wenn mit R\u00fccksicht auf besondere Umst\u00e4nde in einzelnen Orten ev. Ein Betrag bis h\u00f6chstens 40 g pro hl verlangt wird. Jeder Groschen dar\u00fcber ist aber unbedingt abzulehnen.<br \/>\n<\/span><\/span><span lang=\"DE-AT\" style=\"font-family: 'Verdana',sans-serif; font-size: 11pt;\"><span style=\"color: #000000;\">Die Burgenl. Landwirtschaftskammer legt daher in Vertretung des burgenl. Weinbaues dem dortigen Gemeindeamte nah, f\u00fcr den Fall, das im dortigen Gemeindebereiche \u00fcberm\u00e4ssige Sensalgeb\u00fchren eingehoben werden sollten, auf die Fasszieher und Weinsensale entsprechend einzuwirken. Sollten diese wider Erwarten kein Einsehen zeigen, so wird um einen diesbez\u00fcglichen anherigen Bericht ersucht.<br \/>\n<\/span><\/span><span lang=\"DE-AT\" style=\"font-family: 'Verdana',sans-serif; font-size: 11pt;\"><span style=\"color: #000000;\">Von der burgenl. Landwirtschaftskammer. F\u00fcr das Kammeramt. Der Kammeramtsdirektor\u201c (Gemeindearchiv Halbturn. Korrespondenz 1937. o.Z.)<\/span><\/span><\/p>\n<\/div><\/div><\/div><\/div><\/div>\n","protected":false},"excerpt":{"rendered":"<p>In Ermangelung von Pumpen wurde fr\u00fcher der Wein samt dem Gebinde verkauft. Die Fasszieher, welche zumeist auch Weinsensale waren, zogen beim Weinverkauf die F\u00e4sser aus den Kellern. <\/p>\n","protected":false},"author":3,"featured_media":2235,"comment_status":"open","ping_status":"open","sticky":false,"template":"","format":"standard","meta":{"footnotes":""},"categories":[280,17],"tags":[],"class_list":["post-2234","post","type-post","status-publish","format-standard","has-post-thumbnail","hentry","category-280","category-landwirtschaft"],"_links":{"self":[{"href":"https:\/\/www.brettl.at\/blog\/wp-json\/wp\/v2\/posts\/2234","targetHints":{"allow":["GET"]}}],"collection":[{"href":"https:\/\/www.brettl.at\/blog\/wp-json\/wp\/v2\/posts"}],"about":[{"href":"https:\/\/www.brettl.at\/blog\/wp-json\/wp\/v2\/types\/post"}],"author":[{"embeddable":true,"href":"https:\/\/www.brettl.at\/blog\/wp-json\/wp\/v2\/users\/3"}],"replies":[{"embeddable":true,"href":"https:\/\/www.brettl.at\/blog\/wp-json\/wp\/v2\/comments?post=2234"}],"version-history":[{"count":3,"href":"https:\/\/www.brettl.at\/blog\/wp-json\/wp\/v2\/posts\/2234\/revisions"}],"predecessor-version":[{"id":4570,"href":"https:\/\/www.brettl.at\/blog\/wp-json\/wp\/v2\/posts\/2234\/revisions\/4570"}],"wp:featuredmedia":[{"embeddable":true,"href":"https:\/\/www.brettl.at\/blog\/wp-json\/wp\/v2\/media\/2235"}],"wp:attachment":[{"href":"https:\/\/www.brettl.at\/blog\/wp-json\/wp\/v2\/media?parent=2234"}],"wp:term":[{"taxonomy":"category","embeddable":true,"href":"https:\/\/www.brettl.at\/blog\/wp-json\/wp\/v2\/categories?post=2234"},{"taxonomy":"post_tag","embeddable":true,"href":"https:\/\/www.brettl.at\/blog\/wp-json\/wp\/v2\/tags?post=2234"}],"curies":[{"name":"wp","href":"https:\/\/api.w.org\/{rel}","templated":true}]}}