{"id":2250,"date":"2018-11-12T06:44:11","date_gmt":"2018-11-12T05:44:11","guid":{"rendered":"https:\/\/www.brettl.at\/blog\/?p=2250"},"modified":"2024-09-02T17:17:53","modified_gmt":"2024-09-02T15:17:53","slug":"opfer-des-ns-putschversuches","status":"publish","type":"post","link":"https:\/\/www.brettl.at\/blog\/opfer-des-ns-putschversuches\/","title":{"rendered":"Opfer des NS-Putschversuches"},"content":{"rendered":"<div class=\"fusion-fullwidth fullwidth-box fusion-builder-row-1 fusion-flex-container nonhundred-percent-fullwidth non-hundred-percent-height-scrolling\" style=\"--awb-border-radius-top-left:0px;--awb-border-radius-top-right:0px;--awb-border-radius-bottom-right:0px;--awb-border-radius-bottom-left:0px;--awb-flex-wrap:wrap;\" ><div class=\"fusion-builder-row fusion-row fusion-flex-align-items-flex-start fusion-flex-content-wrap\" style=\"max-width:1100.32px;margin-left: calc(-4% \/ 2 );margin-right: calc(-4% \/ 2 );\"><div class=\"fusion-layout-column fusion_builder_column fusion-builder-column-0 fusion_builder_column_1_1 1_1 fusion-flex-column\" style=\"--awb-bg-size:cover;--awb-width-large:100%;--awb-margin-top-large:0px;--awb-spacing-right-large:1.92%;--awb-margin-bottom-large:0px;--awb-spacing-left-large:1.92%;--awb-width-medium:100%;--awb-spacing-right-medium:1.92%;--awb-spacing-left-medium:1.92%;--awb-width-small:100%;--awb-spacing-right-small:1.92%;--awb-spacing-left-small:1.92%;\"><div class=\"fusion-column-wrapper fusion-flex-justify-content-flex-start fusion-content-layout-column\"><div class=\"fusion-text fusion-text-1\"><p>Am 25. Juli 1934 versuchten die seit Juni 1933 verbotenen \u00f6sterreichischen Nationalsozialisten durch einen Putsch gegen die Regierung Dollfu\u00df an die Macht zu kommen. Die Putschisten drangen in Wien in die Sender\u00e4ume der RAVAG und in das Bundeskanzleramt ein. Gleichzeitig begann der Aufstand der Nationalsozialisten auch in einigen Teilen Ober\u00f6sterreichs, der Steiermark und K\u00e4rntens. Die mehrt\u00e4gigen K\u00e4mpfe forderten auf Regierungsseite 107 Todesopfer. Eines davon war der M\u00f6nchhofer Soldat Johann Mutz. Sein Begr\u00e4bnis wurde zu einer \u201eSystemkundgebung\u201c.<br \/>\nDie katholische und regimefreundliche Monatszeitung \u201eDer Pfarrbote\u201c berichtet 1934 dar\u00fcber: \u201eM\u00f6nchhof: Begr\u00e4bnis des gefallenen Soldaten&#8221;<br \/>\n<a href=\"https:\/\/www.brettl.at\/wp-content\/uploads\/2018\/11\/Screenshot-423.png\"><img decoding=\"async\" class=\"alignleft size-medium wp-image-2251\" src=\"https:\/\/www.brettl.at\/wp-content\/uploads\/2018\/11\/Screenshot-423-300x145.png\" alt=\"Juliputsch\" width=\"300\" height=\"145\" srcset=\"https:\/\/www.brettl.at\/wp-content\/uploads\/2018\/11\/Screenshot-423-200x97.png 200w, https:\/\/www.brettl.at\/wp-content\/uploads\/2018\/11\/Screenshot-423-300x145.png 300w, https:\/\/www.brettl.at\/wp-content\/uploads\/2018\/11\/Screenshot-423-400x194.png 400w, https:\/\/www.brettl.at\/wp-content\/uploads\/2018\/11\/Screenshot-423-600x290.png 600w, https:\/\/www.brettl.at\/wp-content\/uploads\/2018\/11\/Screenshot-423-768x372.png 768w, https:\/\/www.brettl.at\/wp-content\/uploads\/2018\/11\/Screenshot-423-800x387.png 800w, https:\/\/www.brettl.at\/wp-content\/uploads\/2018\/11\/Screenshot-423-1024x495.png 1024w, https:\/\/www.brettl.at\/wp-content\/uploads\/2018\/11\/Screenshot-423.png 1081w\" sizes=\"(max-width: 300px) 100vw, 300px\" \/><\/a>An der Niederschlagung der Julirevolte beteiligte sich auch das Milit\u00e4r. Leider hat es auch blutige Opfer bringen m\u00fcssen. Unter den gefallenen Soldaten war auch ein Sohn unserer Gemeinde: Johann Mutz. Schon in den K\u00e4mpfen der Februarrevolte hat er sich durch seine Tapferkeit ausgezeichnet, indem er durch sein entschlossenes, heldenhaftes Eingreifen seinen Oberleutnant das Leben rettete. Diesmal aber ist er im Kampf bei Leoben als Held der Pflicht gefallen. Seine Leiche wurde nach Hause gef\u00fchrt und hierorts begraben. Das Begr\u00e4bnis gestaltete sich zu einer Waffenkundgebung des ganzen Bezirkes. Vertreter der Bezirksbeh\u00f6rden, der Garnison Neusiedl am See, der Wehrverb\u00e4nde, der Kriegervereine, der Jugendvereine, der Feuerwehren und viele andere sowie die Ortsbev\u00f6lkerung und eine gro\u00dfe Menge Volkes aus den Bezirken beteiligten sich daran. Die feierliche Einsegnung nahm der greise Ortspfarrer Verwalter P. Adalbert Winkler vor, der beim Grabe eine herzergreifende Ansprache hielt. Es sprachen dann noch Worte des Dankes und der Anerkennung Landeshauptmann Ing. Sylvester, Oberleutnant Jaworsty, dem der Tote in den Februark\u00e4mpfen das Leben rettete, Vertreter der Bezirkshauptmannschaft, der Wehrverb\u00e4nde, der katholischen Jugendvereine, der Vaterl\u00e4ndischen Front, die auch einen Kranz des toten Helden niederlegten. Gedenken wir seiner im Gebet, damit der Herr ihm die Krone des ewigen Lebens gebe. Er ruhe in Frieden.\u201c (Pfarrbote 1934 Nr. 8 S. 7)<\/p>\n<\/div><\/div><\/div><\/div><\/div>\n","protected":false},"excerpt":{"rendered":"<p>Am 25. Juli 1934 versuchten die seit Juni 1933 verbotenen \u00f6sterreichischen Nationalsozialisten durch einen Putsch gegen die Regierung Dollfu\u00df an die Macht zu kommen. <\/p>\n","protected":false},"author":3,"featured_media":2251,"comment_status":"open","ping_status":"open","sticky":false,"template":"","format":"standard","meta":{"footnotes":""},"categories":[280,20],"tags":[82],"class_list":["post-2250","post","type-post","status-publish","format-standard","has-post-thumbnail","hentry","category-280","category-zwischenkriegszeit","tag-moenchhof"],"_links":{"self":[{"href":"https:\/\/www.brettl.at\/blog\/wp-json\/wp\/v2\/posts\/2250","targetHints":{"allow":["GET"]}}],"collection":[{"href":"https:\/\/www.brettl.at\/blog\/wp-json\/wp\/v2\/posts"}],"about":[{"href":"https:\/\/www.brettl.at\/blog\/wp-json\/wp\/v2\/types\/post"}],"author":[{"embeddable":true,"href":"https:\/\/www.brettl.at\/blog\/wp-json\/wp\/v2\/users\/3"}],"replies":[{"embeddable":true,"href":"https:\/\/www.brettl.at\/blog\/wp-json\/wp\/v2\/comments?post=2250"}],"version-history":[{"count":3,"href":"https:\/\/www.brettl.at\/blog\/wp-json\/wp\/v2\/posts\/2250\/revisions"}],"predecessor-version":[{"id":4568,"href":"https:\/\/www.brettl.at\/blog\/wp-json\/wp\/v2\/posts\/2250\/revisions\/4568"}],"wp:featuredmedia":[{"embeddable":true,"href":"https:\/\/www.brettl.at\/blog\/wp-json\/wp\/v2\/media\/2251"}],"wp:attachment":[{"href":"https:\/\/www.brettl.at\/blog\/wp-json\/wp\/v2\/media?parent=2250"}],"wp:term":[{"taxonomy":"category","embeddable":true,"href":"https:\/\/www.brettl.at\/blog\/wp-json\/wp\/v2\/categories?post=2250"},{"taxonomy":"post_tag","embeddable":true,"href":"https:\/\/www.brettl.at\/blog\/wp-json\/wp\/v2\/tags?post=2250"}],"curies":[{"name":"wp","href":"https:\/\/api.w.org\/{rel}","templated":true}]}}