{"id":2254,"date":"2018-11-15T07:15:39","date_gmt":"2018-11-15T06:15:39","guid":{"rendered":"https:\/\/www.brettl.at\/blog\/?p=2254"},"modified":"2024-09-02T17:17:48","modified_gmt":"2024-09-02T15:17:48","slug":"kaum-verkehrsverbindungen-im-suedburgenland","status":"publish","type":"post","link":"https:\/\/www.brettl.at\/blog\/kaum-verkehrsverbindungen-im-suedburgenland\/","title":{"rendered":"Kaum Verkehrsverbindungen im S\u00fcdburgenland"},"content":{"rendered":"<div class=\"fusion-fullwidth fullwidth-box fusion-builder-row-1 fusion-flex-container nonhundred-percent-fullwidth non-hundred-percent-height-scrolling\" style=\"--awb-border-radius-top-left:0px;--awb-border-radius-top-right:0px;--awb-border-radius-bottom-right:0px;--awb-border-radius-bottom-left:0px;--awb-flex-wrap:wrap;\" ><div class=\"fusion-builder-row fusion-row fusion-flex-align-items-flex-start fusion-flex-content-wrap\" style=\"max-width:1100.32px;margin-left: calc(-4% \/ 2 );margin-right: calc(-4% \/ 2 );\"><div class=\"fusion-layout-column fusion_builder_column fusion-builder-column-0 fusion_builder_column_1_1 1_1 fusion-flex-column\" style=\"--awb-bg-size:cover;--awb-width-large:100%;--awb-margin-top-large:0px;--awb-spacing-right-large:1.92%;--awb-margin-bottom-large:0px;--awb-spacing-left-large:1.92%;--awb-width-medium:100%;--awb-spacing-right-medium:1.92%;--awb-spacing-left-medium:1.92%;--awb-width-small:100%;--awb-spacing-right-small:1.92%;--awb-spacing-left-small:1.92%;\"><div class=\"fusion-column-wrapper fusion-flex-justify-content-flex-start fusion-content-layout-column\"><div class=\"fusion-text fusion-text-1\"><p>Durch den Zweiten Weltkrieg war das Verkehrssystem im Burgenland, insbesondere im S\u00fcdburgenland, vollkommen zusammengebrochen. Im ganzen Land bestanden nach Kriegsende keine Zugverbindungen, keine Nord-S\u00fcd-Stra\u00dfenverbindung und es fehlte an Lastkraftwagen, Personenautos und Autobussen. Die Versorgung der Bev\u00f6lkerung mit ausreichenden Lebensmitteln gestaltete sich daher sehr schwierig.<\/p>\n<div id=\"attachment_2255\" style=\"width: 310px\" class=\"wp-caption alignleft\"><a href=\"https:\/\/www.brettl.at\/wp-content\/uploads\/2018\/11\/Obersch\u00fctzen.jpg\"><img decoding=\"async\" aria-describedby=\"caption-attachment-2255\" class=\"size-medium wp-image-2255\" src=\"https:\/\/www.brettl.at\/wp-content\/uploads\/2018\/11\/Obersch\u00fctzen-300x189.jpg\" alt=\"\" width=\"300\" height=\"189\" srcset=\"https:\/\/www.brettl.at\/wp-content\/uploads\/2018\/11\/Obersch\u00fctzen-200x126.jpg 200w, https:\/\/www.brettl.at\/wp-content\/uploads\/2018\/11\/Obersch\u00fctzen-300x189.jpg 300w, https:\/\/www.brettl.at\/wp-content\/uploads\/2018\/11\/Obersch\u00fctzen-320x202.jpg 320w, https:\/\/www.brettl.at\/wp-content\/uploads\/2018\/11\/Obersch\u00fctzen-400x252.jpg 400w, https:\/\/www.brettl.at\/wp-content\/uploads\/2018\/11\/Obersch\u00fctzen-600x378.jpg 600w, https:\/\/www.brettl.at\/wp-content\/uploads\/2018\/11\/Obersch\u00fctzen-700x441.jpg 700w, https:\/\/www.brettl.at\/wp-content\/uploads\/2018\/11\/Obersch\u00fctzen-768x484.jpg 768w, https:\/\/www.brettl.at\/wp-content\/uploads\/2018\/11\/Obersch\u00fctzen.jpg 800w\" sizes=\"(max-width: 300px) 100vw, 300px\" \/><\/a><p id=\"caption-attachment-2255\" class=\"wp-caption-text\">bei Obersch\u00fctzen<\/p><\/div>\n<p>Johann Bauer, \u00d6VP, meinte am 4. J\u00e4nner 1946 im Landtag dazu: <em>\u201eWie oft kommt es vor, dass wir bei der Aufbringung von Lebensmitteln in den D\u00f6rfern zwar Lebensmittel aufbringen, sie dann aber wochenlang liegen lassen m\u00fcssen, weil wir kein Fahrzeug zur Verf\u00fcgung haben. Zu Fu\u00df k\u00f6nnen wir es nicht machen, Bahn, Autobus oder Auto stehen uns nicht zur Verf\u00fcgung. Es ist z.B. der S\u00fcden des Landes uns noch fast vollkommen fremd, die s\u00fcdlichen Bezirke sind fast vollkommen abgeschnitten, kein Telefon, keine Bahn, keine Autobuslinie, kein Fuhrwerk kann sie erreichen.\u201c<br \/>\n<\/em>(Herbert Brettl. Ende und Anfang. In: Russenzeit. WAB Band 113, Eisenstadt 2005. S. 21)<\/p>\n<\/div><\/div><\/div><\/div><\/div>\n","protected":false},"excerpt":{"rendered":"<p>Durch den Zweiten Weltkrieg war das Verkehrssystem im Burgenland, insbesondere im S\u00fcdburgenland, vollkommen zusammengebrochen. <\/p>\n","protected":false},"author":3,"featured_media":2255,"comment_status":"open","ping_status":"open","sticky":false,"template":"","format":"standard","meta":{"footnotes":""},"categories":[280,69],"tags":[],"class_list":["post-2254","post","type-post","status-publish","format-standard","has-post-thumbnail","hentry","category-280","category-besatzungszeit"],"_links":{"self":[{"href":"https:\/\/www.brettl.at\/blog\/wp-json\/wp\/v2\/posts\/2254","targetHints":{"allow":["GET"]}}],"collection":[{"href":"https:\/\/www.brettl.at\/blog\/wp-json\/wp\/v2\/posts"}],"about":[{"href":"https:\/\/www.brettl.at\/blog\/wp-json\/wp\/v2\/types\/post"}],"author":[{"embeddable":true,"href":"https:\/\/www.brettl.at\/blog\/wp-json\/wp\/v2\/users\/3"}],"replies":[{"embeddable":true,"href":"https:\/\/www.brettl.at\/blog\/wp-json\/wp\/v2\/comments?post=2254"}],"version-history":[{"count":4,"href":"https:\/\/www.brettl.at\/blog\/wp-json\/wp\/v2\/posts\/2254\/revisions"}],"predecessor-version":[{"id":4567,"href":"https:\/\/www.brettl.at\/blog\/wp-json\/wp\/v2\/posts\/2254\/revisions\/4567"}],"wp:featuredmedia":[{"embeddable":true,"href":"https:\/\/www.brettl.at\/blog\/wp-json\/wp\/v2\/media\/2255"}],"wp:attachment":[{"href":"https:\/\/www.brettl.at\/blog\/wp-json\/wp\/v2\/media?parent=2254"}],"wp:term":[{"taxonomy":"category","embeddable":true,"href":"https:\/\/www.brettl.at\/blog\/wp-json\/wp\/v2\/categories?post=2254"},{"taxonomy":"post_tag","embeddable":true,"href":"https:\/\/www.brettl.at\/blog\/wp-json\/wp\/v2\/tags?post=2254"}],"curies":[{"name":"wp","href":"https:\/\/api.w.org\/{rel}","templated":true}]}}