{"id":2265,"date":"2018-11-24T08:51:40","date_gmt":"2018-11-24T07:51:40","guid":{"rendered":"https:\/\/www.brettl.at\/blog\/?p=2265"},"modified":"2024-09-02T17:20:42","modified_gmt":"2024-09-02T15:20:42","slug":"hinueber-ins-dollarland","status":"publish","type":"post","link":"https:\/\/www.brettl.at\/blog\/hinueber-ins-dollarland\/","title":{"rendered":"Hin\u00fcber ins Dollarland"},"content":{"rendered":"<div class=\"fusion-fullwidth fullwidth-box fusion-builder-row-1 nonhundred-percent-fullwidth non-hundred-percent-height-scrolling\" style=\"--awb-border-radius-top-left:0px;--awb-border-radius-top-right:0px;--awb-border-radius-bottom-right:0px;--awb-border-radius-bottom-left:0px;--awb-flex-wrap:wrap;\" ><div class=\"fusion-builder-row fusion-row\"><div class=\"fusion-layout-column fusion_builder_column fusion-builder-column-0 fusion_builder_column_1_1 1_1 fusion-one-full fusion-column-first fusion-column-last\" style=\"--awb-bg-size:cover;--awb-margin-bottom:0px;\"><div class=\"fusion-column-wrapper fusion-flex-column-wrapper-legacy\"><div class=\"fusion-text fusion-text-1\"><p>In einigen burgenl\u00e4ndischen D\u00f6rfern ging die Einwohnerzahl, die im 19. Jahrhundert zumeist massiv anstieg, w\u00e4hrend der Auswanderungswelle zur\u00fcck. Die Schuld sah man vielfach im Kapitalmangel und der Verschuldung, wie die Zeitung \u201eRadikal\u201c berichtete:<br \/>\n<a href=\"https:\/\/www.brettl.at\/wp-content\/uploads\/2018\/11\/20181124_084134.jpg\"><img decoding=\"async\" class=\"alignleft size-medium wp-image-2266\" src=\"https:\/\/www.brettl.at\/wp-content\/uploads\/2018\/11\/20181124_084134-300x195.jpg\" alt=\"Dollar\" width=\"300\" height=\"195\" srcset=\"https:\/\/www.brettl.at\/wp-content\/uploads\/2018\/11\/20181124_084134-200x130.jpg 200w, https:\/\/www.brettl.at\/wp-content\/uploads\/2018\/11\/20181124_084134-300x195.jpg 300w, https:\/\/www.brettl.at\/wp-content\/uploads\/2018\/11\/20181124_084134-400x260.jpg 400w, https:\/\/www.brettl.at\/wp-content\/uploads\/2018\/11\/20181124_084134-600x390.jpg 600w, https:\/\/www.brettl.at\/wp-content\/uploads\/2018\/11\/20181124_084134.jpg 640w\" sizes=\"(max-width: 300px) 100vw, 300px\" \/><\/a>\u201eDie Volksz\u00e4hlung in D\u00f6rfl ist beendet und ergab im ganzen [sic!] 758 Einwohner, im Jahr 1900 sind es noch 996 Inwohner gewesen. Geht es noch einige Jahrzehnte so fort, wird diese sch\u00f6ne Gemeinde im Rabnitztal bald leer dastehen, denn wie seit einigen Jahren hier die Auswanderungswut grassiert, ist nicht zu beschreiben. Ganze Familien wandern von Jahr zu Jahr hin\u00fcber ins Dollarland, von denen nur wenige zur\u00fcckkehren. Anstatt einem Mitb\u00fcrger mit einigen hundert Kronen zu helfen, tragen sie ihr Geld in die Sparkasse zu 3 \u00bd Prozent. Der arme Teufel ist dann gezwungen zum Wucherer zu gehen, der zwar nicht mehr als 8 Prozent nimmt, aber unter verschiedenen Titeln 120 Prozent einheimst. Dass dann der arme Teufel seinen Verpflichtungen nicht nachkommen kann, ist nicht zu verwundern. Dies ist der Grund der Auswanderung in dieser Gemeinde.\u201c (Radikal, vom 5. Feber 1911. S. 4)<\/p>\n<\/div><div class=\"fusion-clearfix\"><\/div><\/div><\/div><\/div><\/div>\n","protected":false},"excerpt":{"rendered":"<p>In einigen burgenl\u00e4ndischen D\u00f6rfern ging die Einwohnerzahl, die im 19. Jahrhundert zumeist massiv anstieg, w\u00e4hrend der Auswanderungswelle zur\u00fcck. <\/p>\n","protected":false},"author":3,"featured_media":2266,"comment_status":"open","ping_status":"open","sticky":false,"template":"","format":"standard","meta":{"footnotes":""},"categories":[280,32],"tags":[197],"class_list":["post-2265","post","type-post","status-publish","format-standard","has-post-thumbnail","hentry","category-280","category-migration","tag-doerfl"],"_links":{"self":[{"href":"https:\/\/www.brettl.at\/blog\/wp-json\/wp\/v2\/posts\/2265","targetHints":{"allow":["GET"]}}],"collection":[{"href":"https:\/\/www.brettl.at\/blog\/wp-json\/wp\/v2\/posts"}],"about":[{"href":"https:\/\/www.brettl.at\/blog\/wp-json\/wp\/v2\/types\/post"}],"author":[{"embeddable":true,"href":"https:\/\/www.brettl.at\/blog\/wp-json\/wp\/v2\/users\/3"}],"replies":[{"embeddable":true,"href":"https:\/\/www.brettl.at\/blog\/wp-json\/wp\/v2\/comments?post=2265"}],"version-history":[{"count":3,"href":"https:\/\/www.brettl.at\/blog\/wp-json\/wp\/v2\/posts\/2265\/revisions"}],"predecessor-version":[{"id":2269,"href":"https:\/\/www.brettl.at\/blog\/wp-json\/wp\/v2\/posts\/2265\/revisions\/2269"}],"wp:featuredmedia":[{"embeddable":true,"href":"https:\/\/www.brettl.at\/blog\/wp-json\/wp\/v2\/media\/2266"}],"wp:attachment":[{"href":"https:\/\/www.brettl.at\/blog\/wp-json\/wp\/v2\/media?parent=2265"}],"wp:term":[{"taxonomy":"category","embeddable":true,"href":"https:\/\/www.brettl.at\/blog\/wp-json\/wp\/v2\/categories?post=2265"},{"taxonomy":"post_tag","embeddable":true,"href":"https:\/\/www.brettl.at\/blog\/wp-json\/wp\/v2\/tags?post=2265"}],"curies":[{"name":"wp","href":"https:\/\/api.w.org\/{rel}","templated":true}]}}