{"id":2276,"date":"2018-12-03T06:58:00","date_gmt":"2018-12-03T05:58:00","guid":{"rendered":"https:\/\/www.brettl.at\/blog\/?p=2276"},"modified":"2024-09-02T17:20:54","modified_gmt":"2024-09-02T15:20:54","slug":"roma-verlassen-den-ort","status":"publish","type":"post","link":"https:\/\/www.brettl.at\/blog\/roma-verlassen-den-ort\/","title":{"rendered":"Roma verlassen den Ort"},"content":{"rendered":"<div class=\"fusion-fullwidth fullwidth-box fusion-builder-row-1 fusion-flex-container nonhundred-percent-fullwidth non-hundred-percent-height-scrolling\" style=\"--awb-border-radius-top-left:0px;--awb-border-radius-top-right:0px;--awb-border-radius-bottom-right:0px;--awb-border-radius-bottom-left:0px;--awb-flex-wrap:wrap;\" ><div class=\"fusion-builder-row fusion-row fusion-flex-align-items-flex-start fusion-flex-content-wrap\" style=\"max-width:1100.32px;margin-left: calc(-4% \/ 2 );margin-right: calc(-4% \/ 2 );\"><div class=\"fusion-layout-column fusion_builder_column fusion-builder-column-0 fusion_builder_column_1_1 1_1 fusion-flex-column\" style=\"--awb-bg-size:cover;--awb-width-large:100%;--awb-margin-top-large:0px;--awb-spacing-right-large:1.92%;--awb-margin-bottom-large:0px;--awb-spacing-left-large:1.92%;--awb-width-medium:100%;--awb-spacing-right-medium:1.92%;--awb-spacing-left-medium:1.92%;--awb-width-small:100%;--awb-spacing-right-small:1.92%;--awb-spacing-left-small:1.92%;\"><div class=\"fusion-column-wrapper fusion-flex-justify-content-flex-start fusion-content-layout-column\"><div class=\"fusion-text fusion-text-1\"><p>Von den 1936 ehemals 42 im Ort gemeldeten Roma kehrten nach 1945 nur 11 in ihre Heimatgemeinde Halbturn zur\u00fcck. Die R\u00fcckkehrer fanden zumeist weder ihre Verwandten, ihren Besitz noch ihre H\u00e4user wieder, die ja nach der Deportation zerst\u00f6rt worden waren. Die Gemeinde musste deswegen f\u00fcr sie Notquartiere bereitstellen. Es war f\u00fcr die Roma kaum m\u00f6glich, Arbeitsstellen zu finden, die ihre Existenz sichern konnten. Wie schon vor der NS-Zeit blieben ihnen nur die schlecht bezahlten Stellen als Hirten oder Gelegenheitsarbeiter. Den heimgekehrten Roma wurden von der Bev\u00f6lkerung \u00e4hnliche Vorbehalte wie bereits vor dem Krieg entgegengebracht. Diese Diskriminierungen veranlassten viele, den Ort und das Burgenland zu verlassen, um in der Anonymit\u00e4t der Gro\u00dfstadt ein neues Leben zu beginnen. Der B\u00fcrgermeister von Halbturn meinte zum Abzug einer Romafamilie 1946 in der sogenannten \u00dcbersiedlungsbescheinigung:<br \/>\n<a href=\"https:\/\/www.brettl.at\/wp-content\/uploads\/2018\/12\/Roma-Abschied.jpg\"><img decoding=\"async\" class=\"alignleft size-medium wp-image-2277\" src=\"https:\/\/www.brettl.at\/wp-content\/uploads\/2018\/12\/Roma-Abschied-300x143.jpg\" alt=\"Roma\" width=\"300\" height=\"143\" srcset=\"https:\/\/www.brettl.at\/wp-content\/uploads\/2018\/12\/Roma-Abschied-200x96.jpg 200w, https:\/\/www.brettl.at\/wp-content\/uploads\/2018\/12\/Roma-Abschied-300x143.jpg 300w, https:\/\/www.brettl.at\/wp-content\/uploads\/2018\/12\/Roma-Abschied-400x191.jpg 400w, https:\/\/www.brettl.at\/wp-content\/uploads\/2018\/12\/Roma-Abschied-600x287.jpg 600w, https:\/\/www.brettl.at\/wp-content\/uploads\/2018\/12\/Roma-Abschied-768x367.jpg 768w, https:\/\/www.brettl.at\/wp-content\/uploads\/2018\/12\/Roma-Abschied-800x382.jpg 800w, https:\/\/www.brettl.at\/wp-content\/uploads\/2018\/12\/Roma-Abschied-1024x489.jpg 1024w, https:\/\/www.brettl.at\/wp-content\/uploads\/2018\/12\/Roma-Abschied.jpg 1157w\" sizes=\"(max-width: 300px) 100vw, 300px\" \/><\/a>\u201eEs wird best\u00e4tigt, dass die Familie Horvath [\u2026] von Halbturn nach Wien 23. Rannersdorf 46a am heutigen Tag \u00fcbersiedelt. Mitgenommen wird folgendes: 350 kg gerebelten Mais, 250 kg Kartoffeln, Bettw\u00e4sche, Tuchenten, Geschirr und Leibw\u00e4sche, Kleider und sonstige Lebensmitteln. Die \u00dcbersiedlung erfolgt mit einem LKW.\u201c<br \/>\n(Gemeindearchiv Halbturn. Korrespondenz 1946. o.Z.)<br \/>\n1953 verlie\u00df Georg Ujvari, nachdem er seine Stelle als Hirte verloren hatte, als letzter Roma Halbturn um sich im Umland bei Wien, wo schon andere Familienmitglieder wohnten, niederzulassen. Damit endete die beinahe 200j\u00e4hrige Geschichte der Familie Ujvari in Halbturn.<\/p>\n<\/div><\/div><\/div><\/div><\/div>\n","protected":false},"excerpt":{"rendered":"<p>Von den 1936 ehemals 42 im Ort gemeldeten Roma kehrten nach 1945 nur 11 in ihre Heimatgemeinde Halbturn zur\u00fcck. <\/p>\n","protected":false},"author":3,"featured_media":2277,"comment_status":"open","ping_status":"open","sticky":false,"template":"","format":"standard","meta":{"footnotes":""},"categories":[280,49],"tags":[43],"class_list":["post-2276","post","type-post","status-publish","format-standard","has-post-thumbnail","hentry","category-280","category-roma","tag-halbturn"],"_links":{"self":[{"href":"https:\/\/www.brettl.at\/blog\/wp-json\/wp\/v2\/posts\/2276","targetHints":{"allow":["GET"]}}],"collection":[{"href":"https:\/\/www.brettl.at\/blog\/wp-json\/wp\/v2\/posts"}],"about":[{"href":"https:\/\/www.brettl.at\/blog\/wp-json\/wp\/v2\/types\/post"}],"author":[{"embeddable":true,"href":"https:\/\/www.brettl.at\/blog\/wp-json\/wp\/v2\/users\/3"}],"replies":[{"embeddable":true,"href":"https:\/\/www.brettl.at\/blog\/wp-json\/wp\/v2\/comments?post=2276"}],"version-history":[{"count":3,"href":"https:\/\/www.brettl.at\/blog\/wp-json\/wp\/v2\/posts\/2276\/revisions"}],"predecessor-version":[{"id":4582,"href":"https:\/\/www.brettl.at\/blog\/wp-json\/wp\/v2\/posts\/2276\/revisions\/4582"}],"wp:featuredmedia":[{"embeddable":true,"href":"https:\/\/www.brettl.at\/blog\/wp-json\/wp\/v2\/media\/2277"}],"wp:attachment":[{"href":"https:\/\/www.brettl.at\/blog\/wp-json\/wp\/v2\/media?parent=2276"}],"wp:term":[{"taxonomy":"category","embeddable":true,"href":"https:\/\/www.brettl.at\/blog\/wp-json\/wp\/v2\/categories?post=2276"},{"taxonomy":"post_tag","embeddable":true,"href":"https:\/\/www.brettl.at\/blog\/wp-json\/wp\/v2\/tags?post=2276"}],"curies":[{"name":"wp","href":"https:\/\/api.w.org\/{rel}","templated":true}]}}