{"id":2281,"date":"2018-12-06T07:27:42","date_gmt":"2018-12-06T06:27:42","guid":{"rendered":"https:\/\/www.brettl.at\/blog\/?p=2281"},"modified":"2024-09-02T17:20:59","modified_gmt":"2024-09-02T15:20:59","slug":"ein-schicksalskampf","status":"publish","type":"post","link":"https:\/\/www.brettl.at\/blog\/ein-schicksalskampf\/","title":{"rendered":"Ein Schicksalskampf?"},"content":{"rendered":"<div class=\"fusion-fullwidth fullwidth-box fusion-builder-row-1 nonhundred-percent-fullwidth non-hundred-percent-height-scrolling\" style=\"--awb-border-radius-top-left:0px;--awb-border-radius-top-right:0px;--awb-border-radius-bottom-right:0px;--awb-border-radius-bottom-left:0px;--awb-flex-wrap:wrap;\" ><div class=\"fusion-builder-row fusion-row\"><div class=\"fusion-layout-column fusion_builder_column fusion-builder-column-0 fusion_builder_column_1_1 1_1 fusion-one-full fusion-column-first fusion-column-last\" style=\"--awb-bg-size:cover;--awb-margin-bottom:0px;\"><div class=\"fusion-column-wrapper fusion-flex-column-wrapper-legacy\"><div class=\"fusion-text fusion-text-1\"><p>Reichsschutzstellung\u201c oder \u201eS\u00fcdostwall\u201c genannt, entlang der Reichsgrenze im Osten zur Sicherung des Deutschen Reichs vor der nahenden sowjetischen Armee. Mit diesem gigantischen, aber v\u00f6llig sinnlosen Projekt entlang der burgenl\u00e4ndischen Grenze will das NS-Regime die Bev\u00f6lkerung davon \u00fcberzeugen, dass die feindlichen Armeen noch aufgehalten werden k\u00f6nnen. So mancher glaubte tats\u00e4chlich, dass dies m\u00f6glich sei.<br \/>\n<a href=\"https:\/\/www.brettl.at\/wp-content\/uploads\/2018\/12\/Volkssturmaufruf.jpg\"><img decoding=\"async\" class=\"alignleft size-medium wp-image-2282\" src=\"https:\/\/www.brettl.at\/wp-content\/uploads\/2018\/12\/Volkssturmaufruf-300x88.jpg\" alt=\"Schicksalskampf\" width=\"300\" height=\"88\" srcset=\"https:\/\/www.brettl.at\/wp-content\/uploads\/2018\/12\/Volkssturmaufruf-200x59.jpg 200w, https:\/\/www.brettl.at\/wp-content\/uploads\/2018\/12\/Volkssturmaufruf-300x88.jpg 300w, https:\/\/www.brettl.at\/wp-content\/uploads\/2018\/12\/Volkssturmaufruf-400x118.jpg 400w, https:\/\/www.brettl.at\/wp-content\/uploads\/2018\/12\/Volkssturmaufruf-600x176.jpg 600w, https:\/\/www.brettl.at\/wp-content\/uploads\/2018\/12\/Volkssturmaufruf-768x226.jpg 768w, https:\/\/www.brettl.at\/wp-content\/uploads\/2018\/12\/Volkssturmaufruf-800x235.jpg 800w, https:\/\/www.brettl.at\/wp-content\/uploads\/2018\/12\/Volkssturmaufruf.jpg 871w\" sizes=\"(max-width: 300px) 100vw, 300px\" \/><\/a>So schreibt ein Kriegsgefangener nach Illmitz auf einer Postkarte: \u201e<em>20.10.1944. Lieber Martin! [\u2026] Voll Sorge, aber auch voll Stolz schauen wir auf unsere tapfere Heimat. Es schmerzt mich, nicht beim Schicksalskampf dabei sein zu k\u00f6nnen. Drum suche ich Vergessen in der Arbeit und unterrichte meine Kameraden. [\u2026] Ich w\u00fcnsche Euch alles Gute zu Weihnachten und Neujahr, vor allem erfolgreiche Verteidigung Eures sch\u00f6nen Burgenlandes und ein baldiges gutes Kriegsende. Euch allen herzliche Gr\u00fcsse! Dein Karl.\u201c<br \/>\n<\/em>(Herbert Brettl: Ende und Anfang. In: Russenzeit. Befreiung 1945. Freiheit 1955. Wissenschaftliche Arbeiten aus dem Burgenland (WAB) Band 113. Eisenstadt 2005. S. 10)<\/p>\n<\/div><div class=\"fusion-clearfix\"><\/div><\/div><\/div><\/div><\/div>\n","protected":false},"excerpt":{"rendered":"<p>Im Juli 1944 befahl Adolf Hitler den Bau von Befestigungsbauten, Reichsschutzstellung\u201c oder \u201eS\u00fcdostwall\u201c genannt, entlang der Reichsgrenze im Osten &#8230;<\/p>\n","protected":false},"author":3,"featured_media":2282,"comment_status":"open","ping_status":"open","sticky":false,"template":"","format":"standard","meta":{"footnotes":""},"categories":[280,2],"tags":[66],"class_list":["post-2281","post","type-post","status-publish","format-standard","has-post-thumbnail","hentry","category-280","category-ii-weltkrieg","tag-illmitz"],"_links":{"self":[{"href":"https:\/\/www.brettl.at\/blog\/wp-json\/wp\/v2\/posts\/2281","targetHints":{"allow":["GET"]}}],"collection":[{"href":"https:\/\/www.brettl.at\/blog\/wp-json\/wp\/v2\/posts"}],"about":[{"href":"https:\/\/www.brettl.at\/blog\/wp-json\/wp\/v2\/types\/post"}],"author":[{"embeddable":true,"href":"https:\/\/www.brettl.at\/blog\/wp-json\/wp\/v2\/users\/3"}],"replies":[{"embeddable":true,"href":"https:\/\/www.brettl.at\/blog\/wp-json\/wp\/v2\/comments?post=2281"}],"version-history":[{"count":2,"href":"https:\/\/www.brettl.at\/blog\/wp-json\/wp\/v2\/posts\/2281\/revisions"}],"predecessor-version":[{"id":2284,"href":"https:\/\/www.brettl.at\/blog\/wp-json\/wp\/v2\/posts\/2281\/revisions\/2284"}],"wp:featuredmedia":[{"embeddable":true,"href":"https:\/\/www.brettl.at\/blog\/wp-json\/wp\/v2\/media\/2282"}],"wp:attachment":[{"href":"https:\/\/www.brettl.at\/blog\/wp-json\/wp\/v2\/media?parent=2281"}],"wp:term":[{"taxonomy":"category","embeddable":true,"href":"https:\/\/www.brettl.at\/blog\/wp-json\/wp\/v2\/categories?post=2281"},{"taxonomy":"post_tag","embeddable":true,"href":"https:\/\/www.brettl.at\/blog\/wp-json\/wp\/v2\/tags?post=2281"}],"curies":[{"name":"wp","href":"https:\/\/api.w.org\/{rel}","templated":true}]}}