{"id":2285,"date":"2018-12-10T17:48:44","date_gmt":"2018-12-10T16:48:44","guid":{"rendered":"https:\/\/www.brettl.at\/blog\/?p=2285"},"modified":"2024-09-02T17:21:10","modified_gmt":"2024-09-02T15:21:10","slug":"bodenreform-ohne-enteignung","status":"publish","type":"post","link":"https:\/\/www.brettl.at\/blog\/bodenreform-ohne-enteignung\/","title":{"rendered":"Bodenreform ohne Enteignung"},"content":{"rendered":"<p>Zur Zeit der Angliederung des Burgenlandes an \u00d6sterreich waren rund zwei Drittel der Bev\u00f6lkerung in der Land- und Forstwirtschaft besch\u00e4ftigt. Das gr\u00f6\u00dfte Problem der burgenl\u00e4ndischen Landwirtschaft bestand in der Besitzverteilung. 30.581 (70,4%) Kleinbauern besa\u00dfen nur 24,3% der Kulturfl\u00e4che des Landes und ihre Betriebe waren durchschnittlich nicht gr\u00f6\u00dfer als 10 Joch (5,7 ha). W\u00e4hrenddessen besa\u00dfen 15 adelige und kirchliche Gro\u00dfgrundbesitzer ein Viertel des Landes. Die Bodenreformdebatte f\u00fchrte in den 1920er Jahren zwischen den Parteien zu gro\u00dfen politischen Auseinandersetzungen. Insbesondere die sozialdemokratische Partei forderte unaufh\u00f6rlich die Bodenreform und sicherte sich so einen betr\u00e4chtlichen Einfluss auf die Kleinbauernschaft. Die regierende christlich-soziale Partei konnte sich aus diesem Grund dem Thema nicht verschlie\u00dfen und sprach sich ebenso f\u00fcr eine Reform aus. Diese sollte jedoch ohne Zwangsma\u00dfnahmen erfolgen.<\/p>\n<div id=\"attachment_2286\" style=\"width: 310px\" class=\"wp-caption alignleft\"><a href=\"https:\/\/www.brettl.at\/wp-content\/uploads\/2018\/12\/Riedlingsdorf-Riemenparzellen-1957.jpg\"><img decoding=\"async\" aria-describedby=\"caption-attachment-2286\" class=\"size-medium wp-image-2286\" src=\"https:\/\/www.brettl.at\/wp-content\/uploads\/2018\/12\/Riedlingsdorf-Riemenparzellen-1957-300x213.jpg\" alt=\"Bodenreform\" width=\"300\" height=\"213\" srcset=\"https:\/\/www.brettl.at\/wp-content\/uploads\/2018\/12\/Riedlingsdorf-Riemenparzellen-1957-200x142.jpg 200w, https:\/\/www.brettl.at\/wp-content\/uploads\/2018\/12\/Riedlingsdorf-Riemenparzellen-1957-300x214.jpg 300w, https:\/\/www.brettl.at\/wp-content\/uploads\/2018\/12\/Riedlingsdorf-Riemenparzellen-1957-400x284.jpg 400w, https:\/\/www.brettl.at\/wp-content\/uploads\/2018\/12\/Riedlingsdorf-Riemenparzellen-1957-600x427.jpg 600w, https:\/\/www.brettl.at\/wp-content\/uploads\/2018\/12\/Riedlingsdorf-Riemenparzellen-1957.jpg 640w\" sizes=\"(max-width: 300px) 100vw, 300px\" \/><\/a><p id=\"caption-attachment-2286\" class=\"wp-caption-text\">Riemenparzellen in Riedlingsdorf 1953, \u00a9 LK-Burgenland<\/p><\/div>\n<p>So schrieb der damalige Kammeramtsdirektor der Burgenl\u00e4ndischen Landwirtschaftskammer und sp\u00e4tere Landeshauptmann Dipl. Hans Sylvester im April 1929:<br \/>\n\u201e<em>Eine Bodenreform im Burgenland kann nicht durch Grundenteignung und Aufteilung erfolgen. In das Kapitel der Agrarreform geh\u00f6ren vor allem die Besitzregulierungen (Arrondierung und Kommassierung), sowie Entw\u00e4sserung, Flu\u00dfregulierung, die Kultivierung von \u00d6dland und die Bereinigung der Urbarialverh\u00e4ltnisse [\u2026]. Diese Fragen sind weit wichtiger und effektvoller als eine blo\u00dfe Korrektur in der Besitzverteilung, weil eine solche nur neue wirtschaftliche Probleme aufwirft. An eine Enteignung des Gro\u00dfgrundbesitzes ohne entsprechende Bezahlung ist nicht zu<\/em> <em>denken. Damit w\u00fcrden die im Verfassungsgesetz f\u00fcr \u00d6sterreich festgesetzten Grunds\u00e4tze betreffend das Privateigentum durchbrochen werden. Au\u00dferdem w\u00fcrden sicherlich auch au\u00dfenpolitische Komplikationen eintreten, da ja unsere Gro\u00dfgrundbesitzer zum Gro\u00dfteil Ausl\u00e4nder sind und infolge ihres gro\u00dfen Einflusses bei den derzeitigen Machthabern der Weltpolitik das ganze Problem unm\u00f6glich machen.\u201c<br \/>\n<\/em>(Burgenl\u00e4ndische Heimat\u201c vom 19. April 1929, S. 1)<\/p>\n","protected":false},"excerpt":{"rendered":"<p>Zur Zeit der Angliederung des Burgenlandes an \u00d6sterreich waren rund zwei Drittel der Bev\u00f6lkerung in der Land- und Forstwirtschaft besch\u00e4ftigt. <\/p>\n","protected":false},"author":3,"featured_media":2286,"comment_status":"open","ping_status":"open","sticky":false,"template":"","format":"standard","meta":{"footnotes":""},"categories":[280,17,20],"tags":[],"class_list":["post-2285","post","type-post","status-publish","format-standard","has-post-thumbnail","hentry","category-280","category-landwirtschaft","category-zwischenkriegszeit"],"_links":{"self":[{"href":"https:\/\/www.brettl.at\/blog\/wp-json\/wp\/v2\/posts\/2285","targetHints":{"allow":["GET"]}}],"collection":[{"href":"https:\/\/www.brettl.at\/blog\/wp-json\/wp\/v2\/posts"}],"about":[{"href":"https:\/\/www.brettl.at\/blog\/wp-json\/wp\/v2\/types\/post"}],"author":[{"embeddable":true,"href":"https:\/\/www.brettl.at\/blog\/wp-json\/wp\/v2\/users\/3"}],"replies":[{"embeddable":true,"href":"https:\/\/www.brettl.at\/blog\/wp-json\/wp\/v2\/comments?post=2285"}],"version-history":[{"count":1,"href":"https:\/\/www.brettl.at\/blog\/wp-json\/wp\/v2\/posts\/2285\/revisions"}],"predecessor-version":[{"id":2287,"href":"https:\/\/www.brettl.at\/blog\/wp-json\/wp\/v2\/posts\/2285\/revisions\/2287"}],"wp:featuredmedia":[{"embeddable":true,"href":"https:\/\/www.brettl.at\/blog\/wp-json\/wp\/v2\/media\/2286"}],"wp:attachment":[{"href":"https:\/\/www.brettl.at\/blog\/wp-json\/wp\/v2\/media?parent=2285"}],"wp:term":[{"taxonomy":"category","embeddable":true,"href":"https:\/\/www.brettl.at\/blog\/wp-json\/wp\/v2\/categories?post=2285"},{"taxonomy":"post_tag","embeddable":true,"href":"https:\/\/www.brettl.at\/blog\/wp-json\/wp\/v2\/tags?post=2285"}],"curies":[{"name":"wp","href":"https:\/\/api.w.org\/{rel}","templated":true}]}}