{"id":2289,"date":"2018-12-14T07:32:13","date_gmt":"2018-12-14T06:32:13","guid":{"rendered":"https:\/\/www.brettl.at\/blog\/?p=2289"},"modified":"2024-09-02T17:21:16","modified_gmt":"2024-09-02T15:21:16","slug":"alkoholexzesse-an-der-grenze","status":"publish","type":"post","link":"https:\/\/www.brettl.at\/blog\/alkoholexzesse-an-der-grenze\/","title":{"rendered":"Alkoholexzesse an der Grenze"},"content":{"rendered":"<p>Die Angliederung des Burgenlandes machte Rechnitz zu einem Grenzort und dieser Umstand brachte einige Probleme mit sich. Die Gesch\u00e4ftsleute von Rechnitz waren \u00fcber die Abtrennung von Teilen des Pinkatales nicht sehr erfreut, da es zuvor ihr Hauptabsatzgebiet gewesen war. Ebenso beklagten die Gastwirte aus Rechnitz, dass ihr Gesch\u00e4ftsgang ziemlich gesch\u00e4digt werde, \u201e<em>nachdem alles nach Ungarn trinken geht&#8221;. <\/em>Beschwerden beim Grenzpolizeiamt f\u00fchrten zun\u00e4chst dazu, dass den von Ungarn kommenden Betrunkenen die Grenzscheine abgenommen wurden. Nach einem blutigen Raufexzess unter Rechnitzern wurde am 25. April 1923 den Bewohnern von Rechnitz und Umgebung das \u00dcberschreiten der ungarischen Grenze mit Grenzverkehrsschein an Sonn- und Feiertagen untersagt. Als Begr\u00fcndung hie\u00df es:<br \/>\n<a href=\"https:\/\/www.brettl.at\/wp-content\/uploads\/2018\/12\/Wirtshausszene.jpg\"><img decoding=\"async\" class=\"alignleft size-medium wp-image-2290\" src=\"https:\/\/www.brettl.at\/wp-content\/uploads\/2018\/12\/Wirtshausszene-300x141.jpg\" alt=\"Wirtshaus\" width=\"300\" height=\"141\" srcset=\"https:\/\/www.brettl.at\/wp-content\/uploads\/2018\/12\/Wirtshausszene-200x94.jpg 200w, https:\/\/www.brettl.at\/wp-content\/uploads\/2018\/12\/Wirtshausszene-300x141.jpg 300w, https:\/\/www.brettl.at\/wp-content\/uploads\/2018\/12\/Wirtshausszene-400x188.jpg 400w, https:\/\/www.brettl.at\/wp-content\/uploads\/2018\/12\/Wirtshausszene-600x282.jpg 600w, https:\/\/www.brettl.at\/wp-content\/uploads\/2018\/12\/Wirtshausszene.jpg 757w\" sizes=\"(max-width: 300px) 100vw, 300px\" \/><\/a>\u201eNachdem der Wein in Rechnitz 18 bis 20.000 Kronen kostet und in Ungarn blo\u00df 200 ungarische Kronen = 2.800 \u00f6sterreichische Kronen, ziehen es die Leute vor, nach Ungarn zu gehen und dort soviel zu trinken, da\u00df sie sich berauschen. An der Grenze ist das Finanzorgan gegen Beschimpfungen, Anrempelungen, eventuell Mi\u00dfhandlungen nicht gesch\u00fctzt.&#8221;<br \/>\n(Temmel Johann, \u201eOhne Szombathely k\u00f6nnen wir nicht leben!\u201c Wien 1993. S. 138)<\/p>\n<p>&nbsp;<\/p>\n","protected":false},"excerpt":{"rendered":"<p>Die Angliederung des Burgenlandes machte Rechnitz zu einem Grenzort und dieser Umstand brachte einige Probleme mit sich. <\/p>\n","protected":false},"author":3,"featured_media":2290,"comment_status":"open","ping_status":"open","sticky":false,"template":"","format":"standard","meta":{"footnotes":""},"categories":[280,41,61],"tags":[73],"class_list":["post-2289","post","type-post","status-publish","format-standard","has-post-thumbnail","hentry","category-280","category-soziales","category-wirtschaft","tag-rechnitz"],"_links":{"self":[{"href":"https:\/\/www.brettl.at\/blog\/wp-json\/wp\/v2\/posts\/2289","targetHints":{"allow":["GET"]}}],"collection":[{"href":"https:\/\/www.brettl.at\/blog\/wp-json\/wp\/v2\/posts"}],"about":[{"href":"https:\/\/www.brettl.at\/blog\/wp-json\/wp\/v2\/types\/post"}],"author":[{"embeddable":true,"href":"https:\/\/www.brettl.at\/blog\/wp-json\/wp\/v2\/users\/3"}],"replies":[{"embeddable":true,"href":"https:\/\/www.brettl.at\/blog\/wp-json\/wp\/v2\/comments?post=2289"}],"version-history":[{"count":1,"href":"https:\/\/www.brettl.at\/blog\/wp-json\/wp\/v2\/posts\/2289\/revisions"}],"predecessor-version":[{"id":2291,"href":"https:\/\/www.brettl.at\/blog\/wp-json\/wp\/v2\/posts\/2289\/revisions\/2291"}],"wp:featuredmedia":[{"embeddable":true,"href":"https:\/\/www.brettl.at\/blog\/wp-json\/wp\/v2\/media\/2290"}],"wp:attachment":[{"href":"https:\/\/www.brettl.at\/blog\/wp-json\/wp\/v2\/media?parent=2289"}],"wp:term":[{"taxonomy":"category","embeddable":true,"href":"https:\/\/www.brettl.at\/blog\/wp-json\/wp\/v2\/categories?post=2289"},{"taxonomy":"post_tag","embeddable":true,"href":"https:\/\/www.brettl.at\/blog\/wp-json\/wp\/v2\/tags?post=2289"}],"curies":[{"name":"wp","href":"https:\/\/api.w.org\/{rel}","templated":true}]}}