{"id":2293,"date":"2018-12-18T07:20:07","date_gmt":"2018-12-18T06:20:07","guid":{"rendered":"https:\/\/www.brettl.at\/blog\/?p=2293"},"modified":"2024-09-02T17:21:21","modified_gmt":"2024-09-02T15:21:21","slug":"die-hinrichtung-der-stradafuessler","status":"publish","type":"post","link":"https:\/\/www.brettl.at\/blog\/die-hinrichtung-der-stradafuessler\/","title":{"rendered":"Die Hinrichtung der &#8220;Stradaf\u00fc\u00dfler&#8221;"},"content":{"rendered":"<div class=\"fusion-fullwidth fullwidth-box fusion-builder-row-1 fusion-flex-container nonhundred-percent-fullwidth non-hundred-percent-height-scrolling\" style=\"--awb-border-radius-top-left:0px;--awb-border-radius-top-right:0px;--awb-border-radius-bottom-right:0px;--awb-border-radius-bottom-left:0px;--awb-flex-wrap:wrap;\" ><div class=\"fusion-builder-row fusion-row fusion-flex-align-items-flex-start fusion-flex-content-wrap\" style=\"max-width:1100.32px;margin-left: calc(-4% \/ 2 );margin-right: calc(-4% \/ 2 );\"><div class=\"fusion-layout-column fusion_builder_column fusion-builder-column-0 fusion_builder_column_1_1 1_1 fusion-flex-column\" style=\"--awb-bg-size:cover;--awb-width-large:100%;--awb-margin-top-large:0px;--awb-spacing-right-large:1.92%;--awb-margin-bottom-large:0px;--awb-spacing-left-large:1.92%;--awb-width-medium:100%;--awb-spacing-right-medium:1.92%;--awb-spacing-left-medium:1.92%;--awb-width-small:100%;--awb-spacing-right-small:1.92%;--awb-spacing-left-small:1.92%;\"><div class=\"fusion-column-wrapper fusion-flex-justify-content-flex-start fusion-content-layout-column\"><div class=\"fusion-text fusion-text-1\"><p>Auch das Burgenland hatte seine ber\u00fcchtigte R\u00e4uberbande. Die \u201eStradaf\u00fc\u00dfler\u201c, sinngem\u00e4\u00df: \u201e<em>Leute, die sich auf der Landstra\u00dfe herumtreiben&#8221;<\/em>, trieben zwischen 1822 bis 1827 im Grenzgebiet von Nieder\u00f6sterreich, Steiermark und damals Westungarn\/heute Burgenland ihr Unwesen und versetzten die Bewohner in Angst und Schrecken. Ihr Anf\u00fchrer Nikolaus Schmidhofer, genannt Holzknechtseppl, und einige weitere Bandenmitglieder wurden zwischen 1827 und 1830 in\u00a0Pinkafeld und in G\u00fcns hingerichtet. \u00dcber die Urteile und die Hinrichtungen in Pinkafeld berichtet der langj\u00e4hrige Pfarrer von Pinkafeld Joseph Michael Weinhofer in seiner Chronik:<\/p>\n<div id=\"attachment_2294\" style=\"width: 212px\" class=\"wp-caption alignleft\"><a href=\"https:\/\/www.brettl.at\/wp-content\/uploads\/2018\/12\/20170921_074621.jpg\"><img decoding=\"async\" aria-describedby=\"caption-attachment-2294\" class=\"size-medium wp-image-2294\" src=\"https:\/\/www.brettl.at\/wp-content\/uploads\/2018\/12\/20170921_074621-202x300.jpg\" alt=\"Der Pinkafelder Pranger\" width=\"202\" height=\"300\" srcset=\"https:\/\/www.brettl.at\/wp-content\/uploads\/2018\/12\/20170921_074621-200x297.jpg 200w, https:\/\/www.brettl.at\/wp-content\/uploads\/2018\/12\/20170921_074621-202x300.jpg 202w, https:\/\/www.brettl.at\/wp-content\/uploads\/2018\/12\/20170921_074621-400x594.jpg 400w, https:\/\/www.brettl.at\/wp-content\/uploads\/2018\/12\/20170921_074621-600x891.jpg 600w, https:\/\/www.brettl.at\/wp-content\/uploads\/2018\/12\/20170921_074621-690x1024.jpg 690w, https:\/\/www.brettl.at\/wp-content\/uploads\/2018\/12\/20170921_074621-768x1140.jpg 768w, https:\/\/www.brettl.at\/wp-content\/uploads\/2018\/12\/20170921_074621-800x1188.jpg 800w, https:\/\/www.brettl.at\/wp-content\/uploads\/2018\/12\/20170921_074621-1200x1781.jpg 1200w, https:\/\/www.brettl.at\/wp-content\/uploads\/2018\/12\/20170921_074621.jpg 1740w\" sizes=\"(max-width: 202px) 100vw, 202px\" \/><\/a><p id=\"caption-attachment-2294\" class=\"wp-caption-text\">Der Pinkafelder Pranger<\/p><\/div>\n<p>\u201eJoseph Koller, Johan Niesner, Joseph Freyberger, als Desserteur\u2019s wurden von dem Kriegsgericht, das zu G\u00fcns unter dem Vorsitze des Major\u2019s des k.k. l\u00f6blichen Herrn Wouversman abgehalten wurde, zum Strange verurtheilet, und den 8<sup>ten<\/sup> July hier auch hingerichtet. \u2013 Aus dem Urtheile ersiehst du, wie reif die Misseth\u00e4ter zum Galgen waren.<br \/>\nIn dem Urtheile des Josephs Koller geb\u00fcrtig von Hodis 26 Jahre alt, hei\u00dft es, da\u00df derselbe 4mal dessertirt, 10mal durch 300 Mann mit einmal mit gewechselten Ruthen Gassen gelofen sey, 8, meistens qualifizirte Diebst\u00e4hle, 2 Raube, die insgesammt 901 fl 38 xr W.W. betrugen, zwey Mordthaten, n\u00e4mlich die eine an einem Juden zwischen Oedenburg und Klingenbach, die andere an dem wachehabenden Corporal bey Gelegenheit der Entweichung aus dem Gef\u00e4ngnisse, begangen habe. Dieser wurde am ersten geh\u00e4ngt, bath im Hinaufziehen alle Anwesende um Verzeihung und starb reum\u00fcthig.<br \/>\nIn dem Urtheile des Johan Niesner, alt 49 Jahr hei\u00dft es, da\u00df derselbe 3mal dessert\u00f6rt, 12 Raube, 6 qualifizirte Diebst\u00e4hle, die 558 fl 27 xr W.W. betrage, und 2 Mordthaten, die eine an Mathias Mihalits bey Frisenstadt, die andere an seinen Mitgef\u00e4hrten, den sogenannten Wasenmeister Hansel beging. Dieser wurde der zweyte geh\u00e4ngt. \u2013 Als ihm der Henkersknecht die Rieme anlegte, rief er laut zweymal aus der Tiefe seiner Seele, Allm\u00e4chtiger Gott! erbarme dich meiner. Ich hoffe, dieses Gebeth hat Erh\u00f6rung gefunden, denn ein reuevolles und zerknirschtes Herz verschm\u00e4het Gott niemal.<br \/>\nIn dem Urtheile des Joseph Freyberger, alt 29 Jahr, hei\u00dft es, da\u00df derselbe 2mal dessert\u00f6rt, zehnmal auf und ab Gassengelassen durch 300 Mann mit einmal gewechselten Ruthen, drey Brandlegungen, 18 Raube, einen Diebstahl in dem Schlo\u00dfe der k.k. Staatsherrschaft Langowitz in Steyermarkt und zwey Mordthaten begangen habe. Dieser wurde der letzte gehangen, war aber von Todtenschwei\u00dfe so ganz \u00fcberronnen, als w\u00e4re er gebadet, sank unter den H\u00e4nden des Scharfrichters besinnungslos zusammen und verlor keinen Laut. \u2013 Obschon er gleich einem w\u00fcthenden bey Verk\u00fcndigung des Todesurtheils rasete, alle Obrigkeiten laut beschimpfte, so da\u00df derselbe mit 17 Stockstreichen nach der Publikation des Urtheils gez\u00fcchtigt werden mu\u00dfte, den ersten Tag nach seiner Aussetzung von keiner Reue, von keiner Bu\u00dfe, von keiner Vers\u00f6hnung mit Gott etwas wissen wollte, so r\u00fchrte dennoch der Gott der Erbarmungen, dessen G\u00fcte alle menschliche Bosheit weit \u00fcbersteiget, sein Herz die zwey letzten Tage dergestalt, da\u00df er \u00f6ffentliche Abbitte that und sich reum\u00fcthig zu seinem Tode vorbereitete. Dieser Zug der g\u00f6ttlichen Gnade r\u00fchrte das Herz des edlen Major\u2019s i Wover\u2019sman dergestalt, da\u00df derselbe laut weinte und ausrief: Jetzt erkenne ich erst die Macht der Religion.\u201c<br \/>\n(https:\/\/Weinhofer.wordpress.com\/chronik\/6-chronik-1825-1829\/)<\/p>\n<\/div><\/div><\/div><\/div><\/div>\n","protected":false},"excerpt":{"rendered":"<p>Die ber\u00fcchtigte R\u00e4uberbande &#8220;Stradaf\u00fc\u00dfler&#8221; trieben zwischen 1822 bis 1827 ihr Unwesen und versetzten die Bewohner in Angst und Schrecken. <\/p>\n","protected":false},"author":3,"featured_media":2294,"comment_status":"open","ping_status":"open","sticky":false,"template":"","format":"standard","meta":{"footnotes":""},"categories":[280,38],"tags":[85],"class_list":["post-2293","post","type-post","status-publish","format-standard","has-post-thumbnail","hentry","category-280","category-westungarn","tag-pinkafeld"],"_links":{"self":[{"href":"https:\/\/www.brettl.at\/blog\/wp-json\/wp\/v2\/posts\/2293","targetHints":{"allow":["GET"]}}],"collection":[{"href":"https:\/\/www.brettl.at\/blog\/wp-json\/wp\/v2\/posts"}],"about":[{"href":"https:\/\/www.brettl.at\/blog\/wp-json\/wp\/v2\/types\/post"}],"author":[{"embeddable":true,"href":"https:\/\/www.brettl.at\/blog\/wp-json\/wp\/v2\/users\/3"}],"replies":[{"embeddable":true,"href":"https:\/\/www.brettl.at\/blog\/wp-json\/wp\/v2\/comments?post=2293"}],"version-history":[{"count":3,"href":"https:\/\/www.brettl.at\/blog\/wp-json\/wp\/v2\/posts\/2293\/revisions"}],"predecessor-version":[{"id":4583,"href":"https:\/\/www.brettl.at\/blog\/wp-json\/wp\/v2\/posts\/2293\/revisions\/4583"}],"wp:featuredmedia":[{"embeddable":true,"href":"https:\/\/www.brettl.at\/blog\/wp-json\/wp\/v2\/media\/2294"}],"wp:attachment":[{"href":"https:\/\/www.brettl.at\/blog\/wp-json\/wp\/v2\/media?parent=2293"}],"wp:term":[{"taxonomy":"category","embeddable":true,"href":"https:\/\/www.brettl.at\/blog\/wp-json\/wp\/v2\/categories?post=2293"},{"taxonomy":"post_tag","embeddable":true,"href":"https:\/\/www.brettl.at\/blog\/wp-json\/wp\/v2\/tags?post=2293"}],"curies":[{"name":"wp","href":"https:\/\/api.w.org\/{rel}","templated":true}]}}