{"id":2307,"date":"2018-12-31T10:16:52","date_gmt":"2018-12-31T09:16:52","guid":{"rendered":"https:\/\/www.brettl.at\/blog\/?p=2307"},"modified":"2024-09-02T17:21:40","modified_gmt":"2024-09-02T15:21:40","slug":"ehrlich-fleissig-und-sittlich","status":"publish","type":"post","link":"https:\/\/www.brettl.at\/blog\/ehrlich-fleissig-und-sittlich\/","title":{"rendered":"Ehrlich, flei\u00dfig und sittlich"},"content":{"rendered":"<div class=\"fusion-fullwidth fullwidth-box fusion-builder-row-1 fusion-flex-container nonhundred-percent-fullwidth non-hundred-percent-height-scrolling\" style=\"--awb-border-radius-top-left:0px;--awb-border-radius-top-right:0px;--awb-border-radius-bottom-right:0px;--awb-border-radius-bottom-left:0px;--awb-flex-wrap:wrap;\" ><div class=\"fusion-builder-row fusion-row fusion-flex-align-items-flex-start fusion-flex-content-wrap\" style=\"max-width:1100.32px;margin-left: calc(-4% \/ 2 );margin-right: calc(-4% \/ 2 );\"><div class=\"fusion-layout-column fusion_builder_column fusion-builder-column-0 fusion_builder_column_1_1 1_1 fusion-flex-column\" style=\"--awb-bg-size:cover;--awb-width-large:100%;--awb-margin-top-large:0px;--awb-spacing-right-large:1.92%;--awb-margin-bottom-large:0px;--awb-spacing-left-large:1.92%;--awb-width-medium:100%;--awb-spacing-right-medium:1.92%;--awb-spacing-left-medium:1.92%;--awb-width-small:100%;--awb-spacing-right-small:1.92%;--awb-spacing-left-small:1.92%;\"><div class=\"fusion-column-wrapper fusion-flex-justify-content-flex-start fusion-content-layout-column\"><div class=\"fusion-text fusion-text-1\"><p>Die ung\u00fcnstige \u00f6konomische Situation und der Bev\u00f6lkerungsanstieg f\u00fchrten im westungarisch\/burgenl\u00e4ndischen Raum zu einer verst\u00e4rkten Mobilit\u00e4t. Die Binnenwanderung, vor allem nach Nieder\u00f6sterreich und nach Wien, war bereits vor dem Ersten Weltkrieg weit verbreitet. Nach der Volksz\u00e4hlung 1934 lebten 17.235 geb\u00fcrtige Burgenl\u00e4nderinnen in Wien. Sie gingen zumeist nach Beendigung ihrer Schulzeit \u201ein den Dienst\u201c nach Wien, um als Haushaltsgehilfinnen ihre Existenz zu sichern. Die wichtigste Reputation der Dienstm\u00e4dchen war das Dienstzeugnis des Arbeitgebers.<br \/>\nDas Dienstzeugnis der Maria Eisner aus Zagersdorf lautete wie folgt:<br \/>\n<a href=\"https:\/\/www.brettl.at\/wp-content\/uploads\/2018\/12\/DSC_9432-Kopie.jpg\"><img decoding=\"async\" class=\"alignleft size-medium wp-image-2308\" src=\"https:\/\/www.brettl.at\/wp-content\/uploads\/2018\/12\/DSC_9432-Kopie-300x119.jpg\" alt=\"Dienstzeugnis\" width=\"300\" height=\"119\" srcset=\"https:\/\/www.brettl.at\/wp-content\/uploads\/2018\/12\/DSC_9432-Kopie-200x79.jpg 200w, https:\/\/www.brettl.at\/wp-content\/uploads\/2018\/12\/DSC_9432-Kopie-300x119.jpg 300w, https:\/\/www.brettl.at\/wp-content\/uploads\/2018\/12\/DSC_9432-Kopie-400x158.jpg 400w, https:\/\/www.brettl.at\/wp-content\/uploads\/2018\/12\/DSC_9432-Kopie-600x237.jpg 600w, https:\/\/www.brettl.at\/wp-content\/uploads\/2018\/12\/DSC_9432-Kopie-768x303.jpg 768w, https:\/\/www.brettl.at\/wp-content\/uploads\/2018\/12\/DSC_9432-Kopie-800x316.jpg 800w, https:\/\/www.brettl.at\/wp-content\/uploads\/2018\/12\/DSC_9432-Kopie.jpg 863w\" sizes=\"(max-width: 300px) 100vw, 300px\" \/><\/a>\u201eIch Unterfertigte best\u00e4tige, da\u00df (sic!) Maria Eisner vom 13. J\u00e4nner 1903 bis zum heutigen Tag bei mir als Extram\u00e4dchen gedient hat. Sie hat sich w\u00e4hrend dieser ganzen Zeit zu meiner vollen Zufriedenheit betragen. Sie ist sehr ehrlich, flei\u00dfig und sittlich. Sie ist willig und gutm\u00fctig und vertr\u00e4glich.<br \/>\nWegen Krankheit ihres Vaters muss sie in ihr Elternhaus zur\u00fcckkehren. Sie wurde gesund entlassen.\u201c<strong><br \/>\n<\/strong>Wien, 21. M\u00e4rz 1906<br \/>\nChristie Gr\u00e4fin Gourey-Droitaumont<br \/>\n(Aus: Cogristof-Zagersdorf. Vom L\u00e4cheln zur Bewunderung)<\/p>\n<\/div><\/div><\/div><\/div><\/div>\n","protected":false},"excerpt":{"rendered":"<p>Die ung\u00fcnstige \u00f6konomische Situation und der Bev\u00f6lkerungsanstieg f\u00fchrten im westungarisch\/burgenl\u00e4ndischen Raum zu einer verst\u00e4rkten Mobilit\u00e4t. <\/p>\n","protected":false},"author":3,"featured_media":2308,"comment_status":"open","ping_status":"open","sticky":false,"template":"","format":"standard","meta":{"footnotes":""},"categories":[280,41],"tags":[127],"class_list":["post-2307","post","type-post","status-publish","format-standard","has-post-thumbnail","hentry","category-280","category-soziales","tag-zagersdorf"],"_links":{"self":[{"href":"https:\/\/www.brettl.at\/blog\/wp-json\/wp\/v2\/posts\/2307","targetHints":{"allow":["GET"]}}],"collection":[{"href":"https:\/\/www.brettl.at\/blog\/wp-json\/wp\/v2\/posts"}],"about":[{"href":"https:\/\/www.brettl.at\/blog\/wp-json\/wp\/v2\/types\/post"}],"author":[{"embeddable":true,"href":"https:\/\/www.brettl.at\/blog\/wp-json\/wp\/v2\/users\/3"}],"replies":[{"embeddable":true,"href":"https:\/\/www.brettl.at\/blog\/wp-json\/wp\/v2\/comments?post=2307"}],"version-history":[{"count":3,"href":"https:\/\/www.brettl.at\/blog\/wp-json\/wp\/v2\/posts\/2307\/revisions"}],"predecessor-version":[{"id":4585,"href":"https:\/\/www.brettl.at\/blog\/wp-json\/wp\/v2\/posts\/2307\/revisions\/4585"}],"wp:featuredmedia":[{"embeddable":true,"href":"https:\/\/www.brettl.at\/blog\/wp-json\/wp\/v2\/media\/2308"}],"wp:attachment":[{"href":"https:\/\/www.brettl.at\/blog\/wp-json\/wp\/v2\/media?parent=2307"}],"wp:term":[{"taxonomy":"category","embeddable":true,"href":"https:\/\/www.brettl.at\/blog\/wp-json\/wp\/v2\/categories?post=2307"},{"taxonomy":"post_tag","embeddable":true,"href":"https:\/\/www.brettl.at\/blog\/wp-json\/wp\/v2\/tags?post=2307"}],"curies":[{"name":"wp","href":"https:\/\/api.w.org\/{rel}","templated":true}]}}