{"id":2327,"date":"2019-01-16T10:10:45","date_gmt":"2019-01-16T09:10:45","guid":{"rendered":"https:\/\/www.brettl.at\/blog\/?p=2327"},"modified":"2024-09-02T17:22:44","modified_gmt":"2024-09-02T15:22:44","slug":"die-anfaenge-eines-nationalparks","status":"publish","type":"post","link":"https:\/\/www.brettl.at\/blog\/die-anfaenge-eines-nationalparks\/","title":{"rendered":"Die Anf\u00e4nge eines Nationalparks"},"content":{"rendered":"<div class=\"fusion-fullwidth fullwidth-box fusion-builder-row-1 nonhundred-percent-fullwidth non-hundred-percent-height-scrolling\" style=\"--awb-border-radius-top-left:0px;--awb-border-radius-top-right:0px;--awb-border-radius-bottom-right:0px;--awb-border-radius-bottom-left:0px;--awb-flex-wrap:wrap;\" ><div class=\"fusion-builder-row fusion-row\"><div class=\"fusion-layout-column fusion_builder_column fusion-builder-column-0 fusion_builder_column_1_1 1_1 fusion-one-full fusion-column-first fusion-column-last\" style=\"--awb-bg-size:cover;--awb-margin-bottom:0px;\"><div class=\"fusion-column-wrapper fusion-flex-column-wrapper-legacy\"><div class=\"fusion-text fusion-text-1\"><p>Der Nationalpark Neusiedler See, \u00d6sterreichs erster grenz\u00fcberschreitender Nationalpark, wurde 1993 feierlich er\u00f6ffnet. Der Weg dahin war aber lang und teilweise steinig. Schon in der Zwischenkriegszeit gab es, vor allem von wissenschaftlicher Seite, Bestrebungen, ein Gro\u00dfschutzgebiet am Neusiedler See einzurichten. So wurden 1926 erstmals per Gesetz Naturschutzgebiete (Banngebiete) ausgewiesen und in den 1930er Jahren Nutzungseinschr\u00e4nkungen im Bereich Zitzmannsdorfer Wiesen und in den Lackenbereichen der KG Illmitz und Apetlon eingerichtet. Einen Konsens bez\u00fcglich Naturschutz zwischen Natursch\u00fctzern, Grundbesitzern und politischer Ebene war jedoch schwer zu finden. 1947 ergriff der \u00d6sterreichische Naturschutzbund die Initiative und konnte mit Hilfe von Stiftungen und Spenden 1954 die Biologische Station am Schilfg\u00fcrtel bei Neusiedl am See errichten. Der \u00d6sterreichische Naturschutzbund erkannte auch schon fr\u00fch das Potential, das ein Naturschutzgebiet f\u00fcr den Fremdenverkehr bietet, und richtete so am 29. April 1957 an die burgenl\u00e4ndische Landesregierung, Referat Fremdenverkehr, folgendes Ansuchen:<\/p>\n<div id=\"attachment_2328\" style=\"width: 310px\" class=\"wp-caption alignleft\"><a href=\"https:\/\/www.brettl.at\/wp-content\/uploads\/2019\/01\/lange-lacke-russisch.jpg\"><img decoding=\"async\" aria-describedby=\"caption-attachment-2328\" class=\"size-medium wp-image-2328\" src=\"https:\/\/www.brettl.at\/wp-content\/uploads\/2019\/01\/lange-lacke-russisch-300x248.jpg\" alt=\"naturschutz\" width=\"300\" height=\"248\" srcset=\"https:\/\/www.brettl.at\/wp-content\/uploads\/2019\/01\/lange-lacke-russisch-200x166.jpg 200w, https:\/\/www.brettl.at\/wp-content\/uploads\/2019\/01\/lange-lacke-russisch-300x248.jpg 300w, https:\/\/www.brettl.at\/wp-content\/uploads\/2019\/01\/lange-lacke-russisch-400x331.jpg 400w, https:\/\/www.brettl.at\/wp-content\/uploads\/2019\/01\/lange-lacke-russisch-600x497.jpg 600w, https:\/\/www.brettl.at\/wp-content\/uploads\/2019\/01\/lange-lacke-russisch.jpg 640w\" sizes=\"(max-width: 300px) 100vw, 300px\" \/><\/a><p id=\"caption-attachment-2328\" class=\"wp-caption-text\">\u00a9 Naturschutztafel bei der Langen Lacke w\u00e4hrend der Besatzungszeit.<\/p><\/div>\n<p>\u201eDer \u00d6sterreichische Naturschutzbund hat mit Hilfe finanzieller Mittel, die ein M\u00e4zenatenkreis zur Verf\u00fcgung stellte, am Neusiedler See ein hauptberuflich t\u00e4tiges Aufsichtsorgan in Person von Oberf\u00f6rster Edgar Klein angestellt. Hiedurch ist die Voraussetzung f\u00fcr die planm\u00e4\u00dfige Betreuung der Gebiete Illmitz und Apetlon gegeben, wozu bemerkt wird, da\u00df Pachtvertr\u00e4ge mit den Urbarialgemeinden\u00a0Unter-Illmitz und Apetlon bei einem finanziellen Aufwand von je S 4.000,- im Jahr abgeschlossen wurden. Der \u00d6sterreichische Naturschutzbund ist nunmehr der Ansicht, da\u00df f\u00fcr diese durch den Fremdenverkehr immer mehr besuchten Gebiete auch seitens des burgenl\u00e4ndischen Fremdenverkehrs Ma\u00dfnahmen getroffen und daher entsprechende Mittel bereitgestellt werden sollten. Es wird hiermit beantragt, im Gebiete Illmitz und Apetlon je 2 verfallene Ziehbrunnen zu errichten. Insbesondere w\u00e4re es notwendig, im Bereich von Apetlon an der Langen Lacke und im Bereich von Illmitz am Zicksee je ein Beobachtungsturm f\u00fcr etwa 30 Personen aufzustellen, um den Fremden den notwendigen Einblick in das Tierleben und in die Landschaft zu gew\u00e4hren. Hiezu wird bemerkt, da\u00df Oberf\u00f6rster Klein sodann beauftragt w\u00fcrde, an jeden Sonn- und Feiertag an Illmitz und Apelton mittels Pferdewagen eine F\u00fchrung zu Naturschutzgebieten zu unternehmen. Schon jetzt kann gesagt werden, da\u00df eine derartige Ma\u00dfnahme einmalig f\u00fcr \u00d6sterreich und entsprechend attraktiv w\u00e4re. [\u2026]\u201c<br \/>\n(Burgenl\u00e4ndisches Landesarchiv. Regierungsarchiv. XII\/6-363-57)<\/p>\n<\/div><div class=\"fusion-clearfix\"><\/div><\/div><\/div><\/div><\/div>\n","protected":false},"excerpt":{"rendered":"<p>Der Nationalpark Neusiedler See, \u00d6sterreichs erster grenz\u00fcberschreitender Nationalpark, wurde 1993 feierlich er\u00f6ffnet. Der Weg dahin war aber lang und &#8230;<\/p>\n","protected":false},"author":3,"featured_media":2328,"comment_status":"open","ping_status":"open","sticky":false,"template":"","format":"standard","meta":{"footnotes":""},"categories":[281,67],"tags":[70,66],"class_list":["post-2327","post","type-post","status-publish","format-standard","has-post-thumbnail","hentry","category-281","category-fremdenverkehr","tag-apetlon","tag-illmitz"],"_links":{"self":[{"href":"https:\/\/www.brettl.at\/blog\/wp-json\/wp\/v2\/posts\/2327","targetHints":{"allow":["GET"]}}],"collection":[{"href":"https:\/\/www.brettl.at\/blog\/wp-json\/wp\/v2\/posts"}],"about":[{"href":"https:\/\/www.brettl.at\/blog\/wp-json\/wp\/v2\/types\/post"}],"author":[{"embeddable":true,"href":"https:\/\/www.brettl.at\/blog\/wp-json\/wp\/v2\/users\/3"}],"replies":[{"embeddable":true,"href":"https:\/\/www.brettl.at\/blog\/wp-json\/wp\/v2\/comments?post=2327"}],"version-history":[{"count":5,"href":"https:\/\/www.brettl.at\/blog\/wp-json\/wp\/v2\/posts\/2327\/revisions"}],"predecessor-version":[{"id":2333,"href":"https:\/\/www.brettl.at\/blog\/wp-json\/wp\/v2\/posts\/2327\/revisions\/2333"}],"wp:featuredmedia":[{"embeddable":true,"href":"https:\/\/www.brettl.at\/blog\/wp-json\/wp\/v2\/media\/2328"}],"wp:attachment":[{"href":"https:\/\/www.brettl.at\/blog\/wp-json\/wp\/v2\/media?parent=2327"}],"wp:term":[{"taxonomy":"category","embeddable":true,"href":"https:\/\/www.brettl.at\/blog\/wp-json\/wp\/v2\/categories?post=2327"},{"taxonomy":"post_tag","embeddable":true,"href":"https:\/\/www.brettl.at\/blog\/wp-json\/wp\/v2\/tags?post=2327"}],"curies":[{"name":"wp","href":"https:\/\/api.w.org\/{rel}","templated":true}]}}