{"id":2391,"date":"2019-03-05T11:59:38","date_gmt":"2019-03-05T10:59:38","guid":{"rendered":"https:\/\/www.brettl.at\/blog\/?p=2391"},"modified":"2024-09-02T17:25:46","modified_gmt":"2024-09-02T15:25:46","slug":"wahlrecht-fuer-lesens-und-schreibens-kundige-frauen","status":"publish","type":"post","link":"https:\/\/www.brettl.at\/blog\/wahlrecht-fuer-lesens-und-schreibens-kundige-frauen\/","title":{"rendered":"Wahlrecht f\u00fcr \u201eLesens- und Schreibens-kundige\u201c Frauen"},"content":{"rendered":"<div class=\"fusion-fullwidth fullwidth-box fusion-builder-row-1 nonhundred-percent-fullwidth non-hundred-percent-height-scrolling\" style=\"--awb-border-radius-top-left:0px;--awb-border-radius-top-right:0px;--awb-border-radius-bottom-right:0px;--awb-border-radius-bottom-left:0px;--awb-flex-wrap:wrap;\" ><div class=\"fusion-builder-row fusion-row\"><div class=\"fusion-layout-column fusion_builder_column fusion-builder-column-0 fusion_builder_column_1_1 1_1 fusion-one-full fusion-column-first fusion-column-last\" style=\"--awb-bg-size:cover;--awb-margin-bottom:0px;\"><div class=\"fusion-column-wrapper fusion-flex-column-wrapper-legacy\"><div class=\"fusion-text fusion-text-1\"><p><span style=\"font-family: 'Verdana',sans-serif; font-size: 11pt;\"><span style=\"color: #000000;\">Mit dem Ende des Ersten Weltkrieges zerfiel auch die Monarchie \u00d6sterreich-Ungarn. Ungarn k\u00fcndigte am 31. Oktober 1918 die Realunion auf und rief wenig sp\u00e4ter die Republik Ungarn aus. Das neue demokratische Wahlrecht sah vor, dass alle ungarischen Staatsb\u00fcrger und Staatsb\u00fcrgerinnen mit Erreichung des 24. Lebensjahres das Wahlrecht erhalten. Bei den Frauen gab es jedoch die Einschr\u00e4nkung, dass die W\u00e4hlerin \u201edes Lesens und Schreibens kundig\u201c sein m\u00fcsse.<br \/>\n<\/span><\/span><span style=\"font-family: 'Verdana',sans-serif; font-size: 11pt;\"><span style=\"color: #000000;\">Damit erhielten auch zahlreiche Bewohnerinnen Westungarns erstmals die M\u00f6glichkeit, ihre politische Meinung kundzutun. W\u00e4hrend in \u00d6denburg\/Sopron Frauenvereinigungen gegr\u00fcndet und \u201eSuffragettenkr\u00e4nzchen\u201c abgehalten wurden, schritten in manchen westungarischen D\u00f6rfern wenig sp\u00e4ter die Frauen erstmals zur Wahl, um die Nationalr\u00e4te (heute: defacto Gemeinder\u00e4te) zu w\u00e4hlen. So berichtet die Grenzpost am 22. Dezember 1918 auf der Titelseite \u00fcber die Wahl in Apetlon:<br \/>\n<\/span><\/span><span style=\"font-family: 'Verdana',sans-serif; font-size: 11pt;\"><span style=\"color: #000000;\"><a href=\"https:\/\/www.brettl.at\/wp-content\/uploads\/2019\/03\/w\u00e4hlen.jpg\"><img decoding=\"async\" class=\"alignleft size-medium wp-image-2392\" src=\"https:\/\/www.brettl.at\/wp-content\/uploads\/2019\/03\/w\u00e4hlen-300x161.jpg\" alt=\"w\u00e4hlen\" width=\"300\" height=\"161\" srcset=\"https:\/\/www.brettl.at\/wp-content\/uploads\/2019\/03\/w\u00e4hlen-200x107.jpg 200w, https:\/\/www.brettl.at\/wp-content\/uploads\/2019\/03\/w\u00e4hlen-300x161.jpg 300w, https:\/\/www.brettl.at\/wp-content\/uploads\/2019\/03\/w\u00e4hlen.jpg 314w\" sizes=\"(max-width: 300px) 100vw, 300px\" \/><\/a>\u201eAm 1. Dezember versammelten sich in einem Schulgeb\u00e4ude der hierortigen Staatsschule unsere deutschen Bewohner, um in der Angelegenheit des uns zukommenden Selbstbestimmungsrechtes Verhandlungen zu pflegen. Herr Feldkurat Michael Gangl erkl\u00e4rte der Bev\u00f6lkerung die Bedeutung des Selbstbestimmungsrechtes und einstimmig beschloss man die sofortige Einf\u00fchrung unserer lieben deutschen Muttersprache in Schule, Verwaltung und Gericht, die Vereinigung mit den deutschen Komitaten \u00d6denburg und Eisenburg, deren unumst\u00f6\u00dfliche Autonomie.<br \/>\n<\/span><\/span><span style=\"font-family: 'Verdana',sans-serif; font-size: 11pt;\"><span style=\"color: #000000;\">Am 3. d. M. wurde dann auf Grund des allgemeinen geheimen Wahlrechtes die Wahl eines Nationalrates vorgenommen. Abgestimmt haben 112 W\u00e4hler, m\u00e4nnlichen und weiblichen Geschlechtes und gew\u00e4hlt wurden: Johann Thaler 104 St., Johann Gangl 104 St., [\u2026]\u201c (Grenzpost vom 22.12.1918, S. 1)<\/span><\/span><\/p>\n<\/div><div class=\"fusion-clearfix\"><\/div><\/div><\/div><\/div><\/div>\n","protected":false},"excerpt":{"rendered":"<p>Das neue demokratische Wahlrecht der jungen Republik Ungarn 1918 sah vor, dass alle ungarischen Staatsb\u00fcrger und Staatsb\u00fcrgerinnen mit Erreichung des 24. Lebensjahres das Wahlrecht erhalten. <\/p>\n","protected":false},"author":3,"featured_media":2392,"comment_status":"open","ping_status":"open","sticky":false,"template":"","format":"standard","meta":{"footnotes":""},"categories":[281,38,20],"tags":[70],"class_list":["post-2391","post","type-post","status-publish","format-standard","has-post-thumbnail","hentry","category-281","category-westungarn","category-zwischenkriegszeit","tag-apetlon"],"_links":{"self":[{"href":"https:\/\/www.brettl.at\/blog\/wp-json\/wp\/v2\/posts\/2391","targetHints":{"allow":["GET"]}}],"collection":[{"href":"https:\/\/www.brettl.at\/blog\/wp-json\/wp\/v2\/posts"}],"about":[{"href":"https:\/\/www.brettl.at\/blog\/wp-json\/wp\/v2\/types\/post"}],"author":[{"embeddable":true,"href":"https:\/\/www.brettl.at\/blog\/wp-json\/wp\/v2\/users\/3"}],"replies":[{"embeddable":true,"href":"https:\/\/www.brettl.at\/blog\/wp-json\/wp\/v2\/comments?post=2391"}],"version-history":[{"count":3,"href":"https:\/\/www.brettl.at\/blog\/wp-json\/wp\/v2\/posts\/2391\/revisions"}],"predecessor-version":[{"id":2409,"href":"https:\/\/www.brettl.at\/blog\/wp-json\/wp\/v2\/posts\/2391\/revisions\/2409"}],"wp:featuredmedia":[{"embeddable":true,"href":"https:\/\/www.brettl.at\/blog\/wp-json\/wp\/v2\/media\/2392"}],"wp:attachment":[{"href":"https:\/\/www.brettl.at\/blog\/wp-json\/wp\/v2\/media?parent=2391"}],"wp:term":[{"taxonomy":"category","embeddable":true,"href":"https:\/\/www.brettl.at\/blog\/wp-json\/wp\/v2\/categories?post=2391"},{"taxonomy":"post_tag","embeddable":true,"href":"https:\/\/www.brettl.at\/blog\/wp-json\/wp\/v2\/tags?post=2391"}],"curies":[{"name":"wp","href":"https:\/\/api.w.org\/{rel}","templated":true}]}}