{"id":2442,"date":"2019-04-23T11:09:05","date_gmt":"2019-04-23T09:09:05","guid":{"rendered":"https:\/\/www.brettl.at\/blog\/?p=2442"},"modified":"2024-09-02T17:24:49","modified_gmt":"2024-09-02T15:24:49","slug":"warnung-vor-der-auswanderung-nach-argentinien","status":"publish","type":"post","link":"https:\/\/www.brettl.at\/blog\/warnung-vor-der-auswanderung-nach-argentinien\/","title":{"rendered":"Warnung vor der Auswanderung nach Argentinien"},"content":{"rendered":"<p><div class=\"fusion-fullwidth fullwidth-box fusion-builder-row-1 nonhundred-percent-fullwidth non-hundred-percent-height-scrolling\" style=\"--awb-border-radius-top-left:0px;--awb-border-radius-top-right:0px;--awb-border-radius-bottom-right:0px;--awb-border-radius-bottom-left:0px;--awb-flex-wrap:wrap;\" ><\/div><div class=\"fusion-builder-row fusion-row\"><\/div><div class=\"fusion-layout-column fusion_builder_column fusion-builder-column-0 fusion_builder_column_1_1 1_1 fusion-one-full fusion-column-first fusion-column-last\" style=\"--awb-bg-size:cover;--awb-margin-bottom:0px;width:100%;\"><div class=\"fusion-column-wrapper fusion-flex-column-wrapper-legacy\"><div class=\"fusion-clearfix\"><\/div><\/div><\/div><div class=\"fusion-text fusion-text-1\"><\/div><\/p>\n<p>1923 beschr\u00e4nkten die US-Beh\u00f6rden die Einwanderung durch eine Quotenregelung. F\u00fcr \u00d6sterreich und insbesondere dem Burgenland bedeutete dies, dass eine Einwanderung in die USA kaum mehr m\u00f6glich war. Das hatte zur Folge, dass Auswanderungswillige neue Zielgebiete wie den Westen Kanadas und die K\u00fcstengebiete Brasiliens und Argentiniens bevorzugten. Rund 2.200 Burgenl\u00e4nder und Burgenl\u00e4nderinnen begaben sich in den folgenden Jahren nach Argentinien, doch die Lebens- und Wirtschaftsbedingungen in diesem s\u00fcdamerikanischen Land blieben den Burgenl\u00e4ndern vielfach fremd. Ein M\u00f6rbischer Migrant warnte in einem Brief vor einer weiteren Auswanderung nach Argentinien:<br \/>\n<a href=\"https:\/\/www.brettl.at\/wp-content\/uploads\/2019\/04\/Brief-M\u00f6rbisch.jpg\"><img decoding=\"async\" class=\"alignleft size-medium wp-image-2443\" src=\"https:\/\/www.brettl.at\/wp-content\/uploads\/2019\/04\/Brief-M\u00f6rbisch-300x189.jpg\" alt=\"\" width=\"300\" height=\"189\" srcset=\"https:\/\/www.brettl.at\/wp-content\/uploads\/2019\/04\/Brief-M\u00f6rbisch-200x126.jpg 200w, https:\/\/www.brettl.at\/wp-content\/uploads\/2019\/04\/Brief-M\u00f6rbisch-300x189.jpg 300w, https:\/\/www.brettl.at\/wp-content\/uploads\/2019\/04\/Brief-M\u00f6rbisch-320x202.jpg 320w, https:\/\/www.brettl.at\/wp-content\/uploads\/2019\/04\/Brief-M\u00f6rbisch-400x253.jpg 400w, https:\/\/www.brettl.at\/wp-content\/uploads\/2019\/04\/Brief-M\u00f6rbisch-600x379.jpg 600w, https:\/\/www.brettl.at\/wp-content\/uploads\/2019\/04\/Brief-M\u00f6rbisch-700x441.jpg 700w, https:\/\/www.brettl.at\/wp-content\/uploads\/2019\/04\/Brief-M\u00f6rbisch-768x485.jpg 768w, https:\/\/www.brettl.at\/wp-content\/uploads\/2019\/04\/Brief-M\u00f6rbisch-800x505.jpg 800w, https:\/\/www.brettl.at\/wp-content\/uploads\/2019\/04\/Brief-M\u00f6rbisch-1024x646.jpg 1024w, https:\/\/www.brettl.at\/wp-content\/uploads\/2019\/04\/Brief-M\u00f6rbisch.jpg 1123w\" sizes=\"(max-width: 300px) 100vw, 300px\" \/><\/a>\u201eBuenos Aires dem 3.11.1929<br \/>\nAn das Bundeskanzleramt Wanderungsamt in Wien I. Bez. Herrengasse 23.<br \/>\nSoweit ich das Land Argentinien durchwandert habe, so hatte ich ehrsehen [sic!], dass es sehr schwer m\u00f6glich ist vorw\u00e4rts zu kommen und ich habe ehrsehen [sic!], dass es unm\u00f6glich ist Landsleute unterzubringen, den in der Industrie blickt das Land noch hundert Jahre r\u00fcckw\u00e4rts. Hier steht nur der Ackerbau und die Viehzucht in hoher Bl\u00fcte. Und da nimmt die Maschine den ersten Platz ein, deshalb werden auch an dieser Stelle wenig Arbeitspl\u00e4tze verwendet. Und die Viehzucht ben\u00f6tigt \u00fcberhaupt keine Pflege, die gehen meist wild herum und m\u00fcssen sich die Nahrung selbst suchen. [\u2026] Warnen sie um Gottes Willen diese armen Leute vor einer Auswanderung nach Argentinien. Sie haben dort keine Chance.<br \/>\nMit Landsmann Gruss [sic!], und Vaterlandstreue. Aus fremden Lande. Mit aller Achtung Andreas Fischl, Calle Azoparado No. 816. Buenos Aires. Burgenl\u00e4nder aus M\u00f6rbisch am See\/\u00d6sterreich.\u201c<br \/>\n(Aus: Herbert Brettl. Die burgenl\u00e4ndische Auswanderung nach Argentinien 1921-1938. Burgenl\u00e4ndische Forschungen Band 82. Eisenstadt 2001. S. 162)<\/p>\n","protected":false},"excerpt":{"rendered":"<p>1923 beschr\u00e4nkten die US-Beh\u00f6rden die Einwanderung durch eine Quotenregelung. F\u00fcr \u00d6sterreich bedeutete dies, dass eine Einwanderung in die USA kaum mehr m\u00f6glich war. <\/p>\n","protected":false},"author":3,"featured_media":2443,"comment_status":"open","ping_status":"open","sticky":false,"template":"","format":"standard","meta":{"footnotes":""},"categories":[281,32],"tags":[165],"class_list":["post-2442","post","type-post","status-publish","format-standard","has-post-thumbnail","hentry","category-281","category-migration","tag-moerbisch"],"_links":{"self":[{"href":"https:\/\/www.brettl.at\/blog\/wp-json\/wp\/v2\/posts\/2442","targetHints":{"allow":["GET"]}}],"collection":[{"href":"https:\/\/www.brettl.at\/blog\/wp-json\/wp\/v2\/posts"}],"about":[{"href":"https:\/\/www.brettl.at\/blog\/wp-json\/wp\/v2\/types\/post"}],"author":[{"embeddable":true,"href":"https:\/\/www.brettl.at\/blog\/wp-json\/wp\/v2\/users\/3"}],"replies":[{"embeddable":true,"href":"https:\/\/www.brettl.at\/blog\/wp-json\/wp\/v2\/comments?post=2442"}],"version-history":[{"count":6,"href":"https:\/\/www.brettl.at\/blog\/wp-json\/wp\/v2\/posts\/2442\/revisions"}],"predecessor-version":[{"id":2449,"href":"https:\/\/www.brettl.at\/blog\/wp-json\/wp\/v2\/posts\/2442\/revisions\/2449"}],"wp:featuredmedia":[{"embeddable":true,"href":"https:\/\/www.brettl.at\/blog\/wp-json\/wp\/v2\/media\/2443"}],"wp:attachment":[{"href":"https:\/\/www.brettl.at\/blog\/wp-json\/wp\/v2\/media?parent=2442"}],"wp:term":[{"taxonomy":"category","embeddable":true,"href":"https:\/\/www.brettl.at\/blog\/wp-json\/wp\/v2\/categories?post=2442"},{"taxonomy":"post_tag","embeddable":true,"href":"https:\/\/www.brettl.at\/blog\/wp-json\/wp\/v2\/tags?post=2442"}],"curies":[{"name":"wp","href":"https:\/\/api.w.org\/{rel}","templated":true}]}}