{"id":2450,"date":"2019-04-26T07:37:34","date_gmt":"2019-04-26T05:37:34","guid":{"rendered":"https:\/\/www.brettl.at\/blog\/?p=2450"},"modified":"2024-09-02T17:24:44","modified_gmt":"2024-09-02T15:24:44","slug":"ein-unvergesslicher-tanzabend","status":"publish","type":"post","link":"https:\/\/www.brettl.at\/blog\/ein-unvergesslicher-tanzabend\/","title":{"rendered":"Ein unvergesslicher Tanzabend"},"content":{"rendered":"<div class=\"fusion-fullwidth fullwidth-box fusion-builder-row-1 nonhundred-percent-fullwidth non-hundred-percent-height-scrolling\" style=\"--awb-border-radius-top-left:0px;--awb-border-radius-top-right:0px;--awb-border-radius-bottom-right:0px;--awb-border-radius-bottom-left:0px;--awb-flex-wrap:wrap;\" ><div class=\"fusion-builder-row fusion-row\"><div class=\"fusion-layout-column fusion_builder_column fusion-builder-column-0 fusion_builder_column_1_1 1_1 fusion-one-full fusion-column-first fusion-column-last\" style=\"--awb-bg-size:cover;--awb-margin-bottom:0px;\"><div class=\"fusion-column-wrapper fusion-flex-column-wrapper-legacy\"><div class=\"fusion-text fusion-text-1\"><p>Joseph Roth, Schriftsteller und Journalist, begab sich 1919 in das heutige burgenl\u00e4ndisch-ungarische Grenzland, um das neue, vielfach unbekannte Land, das \u00d6sterreich in St. Germain zugesprochen worden war, zu erkunden. Seine Reise f\u00fchrte ihn nach Neud\u00f6rfl und (Bad) Sauerbrunn, Nagycenk\/Zinkendorf, Sopron\/\u00d6denburg und Deutschkreutz. Im August 1919 erschienen seine Reisereportagen in der Wiener Tageszeitung \u201eDer Neue Tag\u201c unter dem Titel \u201e<em>Reise durchs Heanzenland\u201c<\/em>, verfasst von \u201e<em>unserem nach Westungarn entsandten Sonderberichterstatter\u201c.<br \/>\n<\/em><a href=\"https:\/\/www.brettl.at\/wp-content\/uploads\/2019\/04\/Burgenland-Tracht.jpg\"><img decoding=\"async\" class=\"alignleft size-medium wp-image-2451\" src=\"https:\/\/www.brettl.at\/wp-content\/uploads\/2019\/04\/Burgenland-Tracht-300x118.jpg\" alt=\"Tanz\" width=\"300\" height=\"118\" srcset=\"https:\/\/www.brettl.at\/wp-content\/uploads\/2019\/04\/Burgenland-Tracht-200x79.jpg 200w, https:\/\/www.brettl.at\/wp-content\/uploads\/2019\/04\/Burgenland-Tracht-300x118.jpg 300w, https:\/\/www.brettl.at\/wp-content\/uploads\/2019\/04\/Burgenland-Tracht-400x157.jpg 400w, https:\/\/www.brettl.at\/wp-content\/uploads\/2019\/04\/Burgenland-Tracht.jpg 591w\" sizes=\"(max-width: 300px) 100vw, 300px\" \/><\/a>In Deutschkreutz wurde Joseph Roth mit der burgenl\u00e4ndischen Tanzkultur vertraut: \u201eIn Deutsch-Kreuz war Tanz- und Polterabend. Die weiten Geh\u00f6fte leer und nur die Alten waren zu Hause geblieben. Von Zeit zu Zeit kamen ein Kind oder ein Gro\u00dfvater des Weges daher und erz\u00e4hlten, dass \u201eMarie-Tre\u2019s\u201c ein Sacktuch w\u00fcnsche. In Deutsch-Kreuz ist die Institution der Parkettb\u00f6den nicht bekannt. Man tanzt vielmehr im Hofe und eine Ziehharmonika liefert die n\u00f6tige greuliche Musik. Die M\u00e4dchen, alle wei\u00df gekleidet und mit schwarzen Kopft\u00fcchern, stehen in dichten drei Reihen hinter einander im Hofe, die Burschen stehen auf der anderen Seite, aber eher in Gruppen, viel zwangloser und freier. Manche sitzen drin in der Schenke und tun einen anst\u00e4ndigen Zug. Auf einmal geht der Spektakel los: Aus der missgestimmten Ziehharmonika flattert ein tiefer Ton auf, wie ein schwerer, plumper Vogel versucht er, eine Weile in der Luft zu bleiben und f\u00e4llt dann schwer und plumpsend zu Boden. Diesem Ton folgt ein heller, junger, es klingt wie ein Hahnenschrei und auf dieses Zeichen st\u00fcrzen die Burschen ohne H\u00fcte und in Hemd\u00e4rmeln aus der Schenke. Im Nu sind die Weiber vergriffen. Der Bursche h\u00e4lt das M\u00e4dchen nicht etwa an sich gepresst, sondern hat beide Arme um ihre H\u00fcfte geschwungen. Der Oberarm bleibt h\u00f6lzern, steif und fest, so dass das M\u00e4dchen in einem Abstand von etwa zehn Zentimetern von seinem K\u00f6rper entfernt bleibt. Der Tanz ist vollkommen kunstlos und besteht aus monotonen Drehbewegungen. Man dreht sich so lange, als der Ziehharmonikamensch will, denn es gilt als Schimpf, fr\u00fcher aufh\u00f6ren zu m\u00fcssen. Man dreht sich in dem engen Hofe, in dem es zum Ersticken hei\u00df ist, bis man im eigenen Schwei\u00dfe ertrinkt. Der Boden ist nass wie nach einem Platzregen.\u201c<br \/>\n(http:\/\/www.ojm.at\/blog\/2011\/11\/14\/mit-joseph-roth-ins-judische-burgenland)<\/p>\n<\/div><div class=\"fusion-clearfix\"><\/div><\/div><\/div><\/div><\/div>\n","protected":false},"excerpt":{"rendered":"<p>1. Teil: Joseph Roth, Schriftsteller und Journalist, begab sich 1919 in das heutige burgenl\u00e4ndisch-ungarische Grenzland, um das neue, vielfach unbekannte Land zu erkunden. <\/p>\n","protected":false},"author":3,"featured_media":2451,"comment_status":"open","ping_status":"open","sticky":false,"template":"","format":"standard","meta":{"footnotes":""},"categories":[281,41,38],"tags":[211],"class_list":["post-2450","post","type-post","status-publish","format-standard","has-post-thumbnail","hentry","category-281","category-soziales","category-westungarn","tag-deutschkreutz"],"_links":{"self":[{"href":"https:\/\/www.brettl.at\/blog\/wp-json\/wp\/v2\/posts\/2450","targetHints":{"allow":["GET"]}}],"collection":[{"href":"https:\/\/www.brettl.at\/blog\/wp-json\/wp\/v2\/posts"}],"about":[{"href":"https:\/\/www.brettl.at\/blog\/wp-json\/wp\/v2\/types\/post"}],"author":[{"embeddable":true,"href":"https:\/\/www.brettl.at\/blog\/wp-json\/wp\/v2\/users\/3"}],"replies":[{"embeddable":true,"href":"https:\/\/www.brettl.at\/blog\/wp-json\/wp\/v2\/comments?post=2450"}],"version-history":[{"count":4,"href":"https:\/\/www.brettl.at\/blog\/wp-json\/wp\/v2\/posts\/2450\/revisions"}],"predecessor-version":[{"id":4591,"href":"https:\/\/www.brettl.at\/blog\/wp-json\/wp\/v2\/posts\/2450\/revisions\/4591"}],"wp:featuredmedia":[{"embeddable":true,"href":"https:\/\/www.brettl.at\/blog\/wp-json\/wp\/v2\/media\/2451"}],"wp:attachment":[{"href":"https:\/\/www.brettl.at\/blog\/wp-json\/wp\/v2\/media?parent=2450"}],"wp:term":[{"taxonomy":"category","embeddable":true,"href":"https:\/\/www.brettl.at\/blog\/wp-json\/wp\/v2\/categories?post=2450"},{"taxonomy":"post_tag","embeddable":true,"href":"https:\/\/www.brettl.at\/blog\/wp-json\/wp\/v2\/tags?post=2450"}],"curies":[{"name":"wp","href":"https:\/\/api.w.org\/{rel}","templated":true}]}}