{"id":2476,"date":"2019-05-15T17:59:56","date_gmt":"2019-05-15T15:59:56","guid":{"rendered":"https:\/\/www.brettl.at\/blog\/?p=2476"},"modified":"2024-09-02T17:29:15","modified_gmt":"2024-09-02T15:29:15","slug":"kultivierung-oder-ausverkauf-der-landschaft","status":"publish","type":"post","link":"https:\/\/www.brettl.at\/blog\/kultivierung-oder-ausverkauf-der-landschaft\/","title":{"rendered":"Kultivierung oder Ausverkauf der Landschaft"},"content":{"rendered":"<div class=\"fusion-fullwidth fullwidth-box fusion-builder-row-1 nonhundred-percent-fullwidth non-hundred-percent-height-scrolling\" style=\"--awb-border-radius-top-left:0px;--awb-border-radius-top-right:0px;--awb-border-radius-bottom-right:0px;--awb-border-radius-bottom-left:0px;--awb-flex-wrap:wrap;\" ><div class=\"fusion-builder-row fusion-row\"><div class=\"fusion-layout-column fusion_builder_column fusion-builder-column-0 fusion_builder_column_1_1 1_1 fusion-one-full fusion-column-first fusion-column-last\" style=\"--awb-bg-size:cover;--awb-margin-bottom:0px;\"><div class=\"fusion-column-wrapper fusion-flex-column-wrapper-legacy\"><div class=\"fusion-text fusion-text-1\"><p>Ende der 1950er Jahre entdeckten immer mehr G\u00e4ste aus Deutschland den Seewinkel und waren von seiner Landschaft, den \u201everschlafenen D\u00f6rfern\u201c und den Menschen begeistert. Der aufkommende Fremdenverkehr brachte eine wirtschaftliche Entwicklung in die Region und sehr bald wurde diese auch optisch sichtbar. Der Bauboom, der das Ortsbild massiv ver\u00e4nderte, wurde von einigen G\u00e4sten mit Schrecken wahrgenommen und skeptisch beurteilt.<br \/>\nSo schreibt beispielsweise ein Biologe in einem Leserbrief im Magazin \u201eDer Seewinkel\u201c 1962:<br \/>\n<a href=\"https:\/\/www.brettl.at\/wp-content\/uploads\/2019\/05\/Podersdorf.jpg\"><img decoding=\"async\" class=\"alignleft size-medium wp-image-2477\" src=\"https:\/\/www.brettl.at\/wp-content\/uploads\/2019\/05\/Podersdorf-300x168.jpg\" alt=\"Podersdorf\" width=\"300\" height=\"168\" srcset=\"https:\/\/www.brettl.at\/wp-content\/uploads\/2019\/05\/Podersdorf-200x112.jpg 200w, https:\/\/www.brettl.at\/wp-content\/uploads\/2019\/05\/Podersdorf-300x168.jpg 300w, https:\/\/www.brettl.at\/wp-content\/uploads\/2019\/05\/Podersdorf-400x225.jpg 400w, https:\/\/www.brettl.at\/wp-content\/uploads\/2019\/05\/Podersdorf.jpg 495w\" sizes=\"(max-width: 300px) 100vw, 300px\" \/><\/a>\u201e[\u2026] In den letzten Jahren hat sich so manches ver\u00e4ndert in Deinen Landen, lieber \u201eSeewinkel\u201c! Waren wir bei der Ankunft heuer schon etwas traurig \u00fcber die f\u00fcr Illmitz wohl notwendige in inzwischen fortschreitende Kultivierung der Gegend um den vorderen alten Ziehbrunnen, die wir auf unseren Photaufnahmen von 1958 noch ganz anders festgehalten haben, so schien uns das Herz fast zu stocken, als wir \u00fcber die neue Stra\u00dfe zur H\u00f6lle, an der oberen Stinker-Lacke vorbei, den Strand von Podersdorf erreichten. Was sich hier anzubahnen beginnt, erinnert an schreckliche Beispiele aus unserer Heimat: Den Ausverkauf der Landschaft! M\u00f6ge es niemals dahin kommen! [\u2026]\u201c<br \/>\nDr. W. Z., M\u00fcnchen<\/p>\n<\/div><div class=\"fusion-clearfix\"><\/div><\/div><\/div><\/div><\/div>\n","protected":false},"excerpt":{"rendered":"<p>Ende der 1950er Jahre entdeckten immer mehr G\u00e4ste aus Deutschland den Seewinkel und waren von seiner Landschaft, den \u201everschlafenen D\u00f6rfern\u201c und den Menschen begeistert. <\/p>\n","protected":false},"author":3,"featured_media":2477,"comment_status":"open","ping_status":"open","sticky":false,"template":"","format":"standard","meta":{"footnotes":""},"categories":[281,67],"tags":[66,44],"class_list":["post-2476","post","type-post","status-publish","format-standard","has-post-thumbnail","hentry","category-281","category-fremdenverkehr","tag-illmitz","tag-podersdorf"],"_links":{"self":[{"href":"https:\/\/www.brettl.at\/blog\/wp-json\/wp\/v2\/posts\/2476","targetHints":{"allow":["GET"]}}],"collection":[{"href":"https:\/\/www.brettl.at\/blog\/wp-json\/wp\/v2\/posts"}],"about":[{"href":"https:\/\/www.brettl.at\/blog\/wp-json\/wp\/v2\/types\/post"}],"author":[{"embeddable":true,"href":"https:\/\/www.brettl.at\/blog\/wp-json\/wp\/v2\/users\/3"}],"replies":[{"embeddable":true,"href":"https:\/\/www.brettl.at\/blog\/wp-json\/wp\/v2\/comments?post=2476"}],"version-history":[{"count":2,"href":"https:\/\/www.brettl.at\/blog\/wp-json\/wp\/v2\/posts\/2476\/revisions"}],"predecessor-version":[{"id":4613,"href":"https:\/\/www.brettl.at\/blog\/wp-json\/wp\/v2\/posts\/2476\/revisions\/4613"}],"wp:featuredmedia":[{"embeddable":true,"href":"https:\/\/www.brettl.at\/blog\/wp-json\/wp\/v2\/media\/2477"}],"wp:attachment":[{"href":"https:\/\/www.brettl.at\/blog\/wp-json\/wp\/v2\/media?parent=2476"}],"wp:term":[{"taxonomy":"category","embeddable":true,"href":"https:\/\/www.brettl.at\/blog\/wp-json\/wp\/v2\/categories?post=2476"},{"taxonomy":"post_tag","embeddable":true,"href":"https:\/\/www.brettl.at\/blog\/wp-json\/wp\/v2\/tags?post=2476"}],"curies":[{"name":"wp","href":"https:\/\/api.w.org\/{rel}","templated":true}]}}