{"id":2522,"date":"2019-06-20T12:13:21","date_gmt":"2019-06-20T10:13:21","guid":{"rendered":"https:\/\/www.brettl.at\/blog\/?p=2522"},"modified":"2024-09-02T17:28:35","modified_gmt":"2024-09-02T15:28:35","slug":"die-jungen-verlassen-die-meierhoefe","status":"publish","type":"post","link":"https:\/\/www.brettl.at\/blog\/die-jungen-verlassen-die-meierhoefe\/","title":{"rendered":"Die Jungen verlassen die Meierh\u00f6fe"},"content":{"rendered":"<p>In den 1950er und 1960er Jahren begannen die Bewohner der Meierh\u00f6fe ihre alte Heimat zu verlassen. W\u00e4hrend die \u00e4lteren Meierhofbewohner anfangs vielfach nur dann den Hof verlie\u00dfen, wenn dieser aufgelassen wurde oder sie durch K\u00fcndigung ihren Arbeitsplatz auf dem Gutshof verloren, verlie\u00dfen besonders die Jugendlichen den Hof freiwillig. Mit der wachsenden Mobilit\u00e4t war die Abwanderung der Meierhofjugend kaum mehr aufzuhalten, da noch dazu endlich die Gelegenheit gegeben war, aus der Zwangsgruppe des Hofes auszubrechen.<br \/>\n<a href=\"https:\/\/www.brettl.at\/wp-content\/uploads\/2019\/06\/Neuhof-\u00dcbersiedlung-1964-Allraun.jpg\"><img decoding=\"async\" class=\"alignleft size-medium wp-image-2523\" src=\"https:\/\/www.brettl.at\/wp-content\/uploads\/2019\/06\/Neuhof-\u00dcbersiedlung-1964-Allraun-300x236.jpg\" alt=\"\" width=\"300\" height=\"236\" srcset=\"https:\/\/www.brettl.at\/wp-content\/uploads\/2019\/06\/Neuhof-\u00dcbersiedlung-1964-Allraun-200x158.jpg 200w, https:\/\/www.brettl.at\/wp-content\/uploads\/2019\/06\/Neuhof-\u00dcbersiedlung-1964-Allraun-300x236.jpg 300w, https:\/\/www.brettl.at\/wp-content\/uploads\/2019\/06\/Neuhof-\u00dcbersiedlung-1964-Allraun-400x315.jpg 400w, https:\/\/www.brettl.at\/wp-content\/uploads\/2019\/06\/Neuhof-\u00dcbersiedlung-1964-Allraun-600x473.jpg 600w, https:\/\/www.brettl.at\/wp-content\/uploads\/2019\/06\/Neuhof-\u00dcbersiedlung-1964-Allraun-768x605.jpg 768w, https:\/\/www.brettl.at\/wp-content\/uploads\/2019\/06\/Neuhof-\u00dcbersiedlung-1964-Allraun-800x630.jpg 800w, https:\/\/www.brettl.at\/wp-content\/uploads\/2019\/06\/Neuhof-\u00dcbersiedlung-1964-Allraun-1024x807.jpg 1024w, https:\/\/www.brettl.at\/wp-content\/uploads\/2019\/06\/Neuhof-\u00dcbersiedlung-1964-Allraun-1200x946.jpg 1200w, https:\/\/www.brettl.at\/wp-content\/uploads\/2019\/06\/Neuhof-\u00dcbersiedlung-1964-Allraun.jpg 1264w\" sizes=\"(max-width: 300px) 100vw, 300px\" \/><\/a>Die Zeitung \u201eDer Kleine Landwirt&#8221; analysiert 1965 treffend das Abwanderungsstreben der Jugendlichen auf den Meierh\u00f6fen: <em>\u201eF\u00fcr die Kinder der derzeitigen und ehemaligen Landarbeiter scheint dieser Beruf [Landarbeiter] nicht mehr sehr anziehend zu sein. Dies hat verschiedene Ursachen: Einerseits w\u00fcrden nicht alle jungen Leute mehr auf dem Hof Arbeitspl\u00e4tze finden, da durch die fortschreitende Mechanisierung der Landwirtschaft immer weniger Arbeitskr\u00e4fte auf dem Hof ben\u00f6tigt werden. Andererseits m\u00f6chte ein Gro\u00dfteil der heranwachsenden Jugendlichen einen anderen Beruf aus\u00fcben. Sie wollen nicht mehr in die Abgeschiedenheit zur\u00fcck, sie haben durch Verwandte geh\u00f6rt, da\u00df [sic!] es in anderen Berufen leichter ist, einen Lebensunterhalt zu verdienen, und manche, vor allem wenn sie schon eine Hauptschule besucht haben, m\u00f6chten mehr lernen und qualifiziertere Berufe ergreifen.&#8221;<br \/>\n<\/em>(Herbert Brettl, Von Albrechtsfeld bis Ziegelhof. Die Meierh\u00f6fe im Bezirk Neusiedl am See. Halbturn 2009, S. 81)<\/p>\n","protected":false},"excerpt":{"rendered":"<p>In den 1950er und 1960er Jahren begannen die Bewohner der Meierh\u00f6fe ihre alte Heimat zu verlassen. <\/p>\n","protected":false},"author":3,"featured_media":2523,"comment_status":"open","ping_status":"open","sticky":false,"template":"","format":"standard","meta":{"footnotes":""},"categories":[281,17],"tags":[],"class_list":["post-2522","post","type-post","status-publish","format-standard","has-post-thumbnail","hentry","category-281","category-landwirtschaft"],"_links":{"self":[{"href":"https:\/\/www.brettl.at\/blog\/wp-json\/wp\/v2\/posts\/2522","targetHints":{"allow":["GET"]}}],"collection":[{"href":"https:\/\/www.brettl.at\/blog\/wp-json\/wp\/v2\/posts"}],"about":[{"href":"https:\/\/www.brettl.at\/blog\/wp-json\/wp\/v2\/types\/post"}],"author":[{"embeddable":true,"href":"https:\/\/www.brettl.at\/blog\/wp-json\/wp\/v2\/users\/3"}],"replies":[{"embeddable":true,"href":"https:\/\/www.brettl.at\/blog\/wp-json\/wp\/v2\/comments?post=2522"}],"version-history":[{"count":1,"href":"https:\/\/www.brettl.at\/blog\/wp-json\/wp\/v2\/posts\/2522\/revisions"}],"predecessor-version":[{"id":2524,"href":"https:\/\/www.brettl.at\/blog\/wp-json\/wp\/v2\/posts\/2522\/revisions\/2524"}],"wp:featuredmedia":[{"embeddable":true,"href":"https:\/\/www.brettl.at\/blog\/wp-json\/wp\/v2\/media\/2523"}],"wp:attachment":[{"href":"https:\/\/www.brettl.at\/blog\/wp-json\/wp\/v2\/media?parent=2522"}],"wp:term":[{"taxonomy":"category","embeddable":true,"href":"https:\/\/www.brettl.at\/blog\/wp-json\/wp\/v2\/categories?post=2522"},{"taxonomy":"post_tag","embeddable":true,"href":"https:\/\/www.brettl.at\/blog\/wp-json\/wp\/v2\/tags?post=2522"}],"curies":[{"name":"wp","href":"https:\/\/api.w.org\/{rel}","templated":true}]}}