{"id":2526,"date":"2019-06-24T12:53:46","date_gmt":"2019-06-24T10:53:46","guid":{"rendered":"https:\/\/www.brettl.at\/blog\/?p=2526"},"modified":"2024-09-02T17:28:30","modified_gmt":"2024-09-02T15:28:30","slug":"keine-freude-mit-der-raeteregierung","status":"publish","type":"post","link":"https:\/\/www.brettl.at\/blog\/keine-freude-mit-der-raeteregierung\/","title":{"rendered":"Keine Freude mit der R\u00e4teregierung"},"content":{"rendered":"<div class=\"fusion-fullwidth fullwidth-box fusion-builder-row-1 fusion-flex-container nonhundred-percent-fullwidth non-hundred-percent-height-scrolling\" style=\"--awb-border-radius-top-left:0px;--awb-border-radius-top-right:0px;--awb-border-radius-bottom-right:0px;--awb-border-radius-bottom-left:0px;--awb-flex-wrap:wrap;\" ><div class=\"fusion-builder-row fusion-row fusion-flex-align-items-flex-start fusion-flex-content-wrap\" style=\"max-width:1100.32px;margin-left: calc(-4% \/ 2 );margin-right: calc(-4% \/ 2 );\"><div class=\"fusion-layout-column fusion_builder_column fusion-builder-column-0 fusion_builder_column_1_1 1_1 fusion-flex-column\" style=\"--awb-bg-size:cover;--awb-width-large:100%;--awb-margin-top-large:0px;--awb-spacing-right-large:1.92%;--awb-margin-bottom-large:0px;--awb-spacing-left-large:1.92%;--awb-width-medium:100%;--awb-spacing-right-medium:1.92%;--awb-spacing-left-medium:1.92%;--awb-width-small:100%;--awb-spacing-right-small:1.92%;--awb-spacing-left-small:1.92%;\"><div class=\"fusion-column-wrapper fusion-flex-justify-content-flex-start fusion-content-layout-column\"><div class=\"fusion-text fusion-text-1\"><p>Am 21. M\u00e4rz 1919 st\u00fcrzten die Kommunisten die Regierung in Budapest und riefen unter F\u00fchrung von B\u00e9la Kun nach dem Vorbild der Sowjetunion eine \u201eR\u00e4terepublik\u201c aus. Die folgenden Monate bis August 1919 waren gepr\u00e4gt von Diktatur, Terror gegen die Zivilbev\u00f6lkerung und wirtschaftlichem Chaos.<br \/>\nDie Schul- und Ortschronik von Dra\u00dfmarkt berichtet \u00fcber diese Zeit:<br \/>\n<a href=\"https:\/\/www.brettl.at\/wp-content\/uploads\/2019\/06\/r\u00e4te-Kopie.jpg\"><img decoding=\"async\" class=\"alignleft size-medium wp-image-2527\" src=\"https:\/\/www.brettl.at\/wp-content\/uploads\/2019\/06\/r\u00e4te-Kopie-300x217.jpg\" alt=\"\" width=\"300\" height=\"217\" srcset=\"https:\/\/www.brettl.at\/wp-content\/uploads\/2019\/06\/r\u00e4te-Kopie-200x145.jpg 200w, https:\/\/www.brettl.at\/wp-content\/uploads\/2019\/06\/r\u00e4te-Kopie.jpg 300w\" sizes=\"(max-width: 300px) 100vw, 300px\" \/><\/a>\u201eDie den Umsturz herbeigef\u00fchrte Revolution hat viele Einrichtungen der Monarchie abge\u00e4ndert. So wurde gleich im Anfange das Gericht, die Gemeindevorstehung abgesetzt und durch den Nationalrat, welcher in den Soldaten-, Bauern- und Arbeiterrat gegliedert war, ersetzt bis dann unter der Kommunistenzeit wieder ein neuer Arbeiter- und Bauernrat mittels Wahl zusammengestellt wurde und an Stelle der Alten Gemeindevorstehung die Agenden der Gemeinde leitete und f\u00fchrte. Gleich nach dem Kriegsende wurde an die Kriegsteilnehmer von den f\u00fcrstl. Waldungen Holz abgegeben und dieses gab den Grund zu einem schwungvollen Holzhandel, da dieses Holz die Kriegsteilnehmer im bezimmerten Zustande als Bauholz verkauften, um so zu Geld zu kommen und sp\u00e4terhin \u00fcber ein Jahr hindurch in Ermanglung eines anderen Erwerbes sich mit Holzverarbeitung besch\u00e4ftigten. Der Ausbruch des Kommunismus lie\u00df die Ortschaft ganz kalt. Die reifen M\u00e4nner, froh, da\u00df sie vom Kriege heil zur\u00fcckgekehrt, k\u00fcmmerten sich wenig oder gar nicht um die Politik. Anfangs wusste man ja auch nicht mit was f\u00fcr politischen Richtungen man es zu tun habe. Sp\u00e4ter, als das Allgemeine Alkoholverbot eingef\u00fchrt wurde und die Terrorakte und vielf\u00e4ltigen Hinrichtungen der Bolschewikenherrschaft bekannt wurden und zudem das Blaugeld verboten und das wert- und deckungslose, auf einer Seite bedruckte Papiergeld in Verkehr kam und kein Eisenbahnverkehr war somit auch von der Aussenwelt man abgeschnitten, da es bis zum Mai nicht einmal eine Post gab, da wurden Stimmen laut, welche ihre Entr\u00fcstung und Unzufriedenheit gelegentlich in sicherer Gesellschaft verliehen. Es atmete alles erleichtert auf, als im August der Kommunismus gest\u00fcrzt wurde.<br \/>\nDie erregten Gem\u00fcter nahmen auch keine Rache an solchen, die sich ein wenig bei der Kommunistenherrschaft exponierten, da sie ja ohnehin kein Unheil anrichteten.\u201c<br \/>\n(Eine Zeitreise durch Drassmarkt. S. 60, 2014)<\/p>\n<\/div><\/div><\/div><\/div><\/div>\n","protected":false},"excerpt":{"rendered":"<p>Am 21. M\u00e4rz 1919 st\u00fcrzten die Kommunisten die Regierung in Budapest und riefen unter F\u00fchrung von B\u00e9la Kun nach dem Vorbild der Sowjetunion eine \u201eR\u00e4terepublik\u201c aus. <\/p>\n","protected":false},"author":3,"featured_media":2527,"comment_status":"open","ping_status":"open","sticky":false,"template":"","format":"standard","meta":{"footnotes":""},"categories":[281,38],"tags":[190],"class_list":["post-2526","post","type-post","status-publish","format-standard","has-post-thumbnail","hentry","category-281","category-westungarn","tag-drassmarkt"],"_links":{"self":[{"href":"https:\/\/www.brettl.at\/blog\/wp-json\/wp\/v2\/posts\/2526","targetHints":{"allow":["GET"]}}],"collection":[{"href":"https:\/\/www.brettl.at\/blog\/wp-json\/wp\/v2\/posts"}],"about":[{"href":"https:\/\/www.brettl.at\/blog\/wp-json\/wp\/v2\/types\/post"}],"author":[{"embeddable":true,"href":"https:\/\/www.brettl.at\/blog\/wp-json\/wp\/v2\/users\/3"}],"replies":[{"embeddable":true,"href":"https:\/\/www.brettl.at\/blog\/wp-json\/wp\/v2\/comments?post=2526"}],"version-history":[{"count":3,"href":"https:\/\/www.brettl.at\/blog\/wp-json\/wp\/v2\/posts\/2526\/revisions"}],"predecessor-version":[{"id":4606,"href":"https:\/\/www.brettl.at\/blog\/wp-json\/wp\/v2\/posts\/2526\/revisions\/4606"}],"wp:featuredmedia":[{"embeddable":true,"href":"https:\/\/www.brettl.at\/blog\/wp-json\/wp\/v2\/media\/2527"}],"wp:attachment":[{"href":"https:\/\/www.brettl.at\/blog\/wp-json\/wp\/v2\/media?parent=2526"}],"wp:term":[{"taxonomy":"category","embeddable":true,"href":"https:\/\/www.brettl.at\/blog\/wp-json\/wp\/v2\/categories?post=2526"},{"taxonomy":"post_tag","embeddable":true,"href":"https:\/\/www.brettl.at\/blog\/wp-json\/wp\/v2\/tags?post=2526"}],"curies":[{"name":"wp","href":"https:\/\/api.w.org\/{rel}","templated":true}]}}