{"id":2679,"date":"2019-10-19T08:38:35","date_gmt":"2019-10-19T06:38:35","guid":{"rendered":"https:\/\/www.brettl.at\/blog\/?p=2679"},"modified":"2024-09-02T17:33:53","modified_gmt":"2024-09-02T15:33:53","slug":"beschwerde-gegen-ns-versammlung","status":"publish","type":"post","link":"https:\/\/www.brettl.at\/blog\/beschwerde-gegen-ns-versammlung\/","title":{"rendered":"Beschwerde gegen NS-Versammlung"},"content":{"rendered":"<p>Die Nationalsozialistische Partei, zun\u00e4chst auch \u201eHitlerpartei\u201c genannt, verf\u00fcgte bis 1930 nur vereinzelt \u00fcber St\u00fctzpunkte im Burgenland. Bei ihrem ersten Wahlauftritt anl\u00e4sslich der Landtagswahl im November 1930 erreichte sie nur 0,7 % der Stimmen. In den folgenden Monaten verst\u00e4rkte die Partei ihre Aktivit\u00e4ten und hielt im gesamten Land Veranstaltungen ab. Dabei wurde sie von Rednern und SA-Truppen aus Wien unterst\u00fctzt. Bei den Versammlungen bediente man sich auch des Antisemitismus, indem man \u201edie Juden\u201c f\u00fcr die Weltwirtschaftskrise und f\u00fcr alle sonstigen Probleme verantwortlich machte.<br \/>\n<a href=\"https:\/\/www.brettl.at\/wp-content\/uploads\/2019\/10\/NSDAP-M\u00f6nchhof.jpg\"><img decoding=\"async\" class=\"alignleft size-medium wp-image-2680\" src=\"https:\/\/www.brettl.at\/wp-content\/uploads\/2019\/10\/NSDAP-M\u00f6nchhof-300x187.jpg\" alt=\"NSDAP\" width=\"300\" height=\"187\" srcset=\"https:\/\/www.brettl.at\/wp-content\/uploads\/2019\/10\/NSDAP-M\u00f6nchhof-200x125.jpg 200w, https:\/\/www.brettl.at\/wp-content\/uploads\/2019\/10\/NSDAP-M\u00f6nchhof-300x187.jpg 300w, https:\/\/www.brettl.at\/wp-content\/uploads\/2019\/10\/NSDAP-M\u00f6nchhof-400x249.jpg 400w, https:\/\/www.brettl.at\/wp-content\/uploads\/2019\/10\/NSDAP-M\u00f6nchhof.jpg 465w\" sizes=\"(max-width: 300px) 100vw, 300px\" \/><\/a>Auch in Frauenkirchen verst\u00e4rkte die NSDAP ihre Propagandat\u00e4tigkeit und dabei wurde die Bev\u00f6lkerung mit antisemitischen \u00c4u\u00dferungen konfrontiert. Die selbstbewusste j\u00fcdische Gemeinde in Frauenkirchen war \u00fcber die \u201eHetztiraden\u201c, die am 15. M\u00e4rz 1931 ge\u00e4u\u00dfert wurden, emp\u00f6rt und forderte Konsequenzen.<br \/>\nAm 24. M\u00e4rz 1931 berichtet der Gendarmerieposten Frauenkirchen dar\u00fcber: \u201eAm Sonntag den 15. d. Mts. fand im Gasthause Gy\u00f6rik in Frauenkirchen eine Versammlung der Hitlerpartei statt, in welcher der Gauredner Krojer aus Wien die Juden auf das Heftigste angriff. Hier\u00fcber sind die hiesigen Juden sehr aufgebracht und erwarten, dass die BH Neusiedl am See f\u00fcr die Zukunft derartige Versammlungen verbietet. Eine gleiche Versammlung fand am selben Tage auch in Podersdorf am See statt. (LA Burgenland. Lage und T\u00e4tigkeitsberichte. Frauenkirchen. M\u00e4rz 1931)<\/p>\n","protected":false},"excerpt":{"rendered":"<p>Die Nationalsozialistische Partei, zun\u00e4chst auch \u201eHitlerpartei\u201c genannt, verf\u00fcgte bis 1930 nur vereinzelt \u00fcber St\u00fctzpunkte im Burgenland. <\/p>\n","protected":false},"author":3,"featured_media":2680,"comment_status":"open","ping_status":"open","sticky":false,"template":"","format":"standard","meta":{"footnotes":""},"categories":[281,29,48],"tags":[25,44],"class_list":["post-2679","post","type-post","status-publish","format-standard","has-post-thumbnail","hentry","category-281","category-judentum","category-nationalsozialismus","tag-frauenkirchen","tag-podersdorf"],"_links":{"self":[{"href":"https:\/\/www.brettl.at\/blog\/wp-json\/wp\/v2\/posts\/2679","targetHints":{"allow":["GET"]}}],"collection":[{"href":"https:\/\/www.brettl.at\/blog\/wp-json\/wp\/v2\/posts"}],"about":[{"href":"https:\/\/www.brettl.at\/blog\/wp-json\/wp\/v2\/types\/post"}],"author":[{"embeddable":true,"href":"https:\/\/www.brettl.at\/blog\/wp-json\/wp\/v2\/users\/3"}],"replies":[{"embeddable":true,"href":"https:\/\/www.brettl.at\/blog\/wp-json\/wp\/v2\/comments?post=2679"}],"version-history":[{"count":1,"href":"https:\/\/www.brettl.at\/blog\/wp-json\/wp\/v2\/posts\/2679\/revisions"}],"predecessor-version":[{"id":2681,"href":"https:\/\/www.brettl.at\/blog\/wp-json\/wp\/v2\/posts\/2679\/revisions\/2681"}],"wp:featuredmedia":[{"embeddable":true,"href":"https:\/\/www.brettl.at\/blog\/wp-json\/wp\/v2\/media\/2680"}],"wp:attachment":[{"href":"https:\/\/www.brettl.at\/blog\/wp-json\/wp\/v2\/media?parent=2679"}],"wp:term":[{"taxonomy":"category","embeddable":true,"href":"https:\/\/www.brettl.at\/blog\/wp-json\/wp\/v2\/categories?post=2679"},{"taxonomy":"post_tag","embeddable":true,"href":"https:\/\/www.brettl.at\/blog\/wp-json\/wp\/v2\/tags?post=2679"}],"curies":[{"name":"wp","href":"https:\/\/api.w.org\/{rel}","templated":true}]}}