{"id":2698,"date":"2019-11-04T07:30:29","date_gmt":"2019-11-04T06:30:29","guid":{"rendered":"https:\/\/www.brettl.at\/blog\/?p=2698"},"modified":"2024-09-02T17:34:11","modified_gmt":"2024-09-02T15:34:11","slug":"das-leid-eines-richters","status":"publish","type":"post","link":"https:\/\/www.brettl.at\/blog\/das-leid-eines-richters\/","title":{"rendered":"Das Leid eines Richters"},"content":{"rendered":"<div class=\"fusion-fullwidth fullwidth-box fusion-builder-row-1 nonhundred-percent-fullwidth non-hundred-percent-height-scrolling\" style=\"--awb-border-radius-top-left:0px;--awb-border-radius-top-right:0px;--awb-border-radius-bottom-right:0px;--awb-border-radius-bottom-left:0px;--awb-flex-wrap:wrap;\" ><div class=\"fusion-builder-row fusion-row\"><div class=\"fusion-layout-column fusion_builder_column fusion-builder-column-0 fusion_builder_column_1_1 1_1 fusion-one-full fusion-column-first fusion-column-last\" style=\"--awb-bg-size:cover;--awb-margin-bottom:0px;\"><div class=\"fusion-column-wrapper fusion-flex-column-wrapper-legacy\"><div class=\"fusion-text fusion-text-1\"><p>Die Gemeinden erhielten nach der Revolution 1848\/49 mehr Selbstbestimmung und Selbstverwaltung. Die Gemeinden verwalteten ihre gemeindeeigenen Angelegenheiten selbst\u00e4ndig und vollzogen die Gesetze der Regierung und des Munizipiums. An der Spitze jeder Gemeinde stand der Richter, der von den Bewohnern gew\u00e4hlt wurde. Richter zu sein, war ein Amt, das oftmals eine gro\u00dfe Herausforderung darstellte, da man zahlreichen Anfeindungen ausgesetzt war.<\/p>\n<div id=\"attachment_2699\" style=\"width: 310px\" class=\"wp-caption alignleft\"><a href=\"https:\/\/www.brettl.at\/wp-content\/uploads\/2019\/11\/Richterwahl-1713.jpg\"><img decoding=\"async\" aria-describedby=\"caption-attachment-2699\" class=\"size-medium wp-image-2699\" src=\"https:\/\/www.brettl.at\/wp-content\/uploads\/2019\/11\/Richterwahl-1713-300x104.jpg\" alt=\"Richter\" width=\"300\" height=\"104\" srcset=\"https:\/\/www.brettl.at\/wp-content\/uploads\/2019\/11\/Richterwahl-1713-200x70.jpg 200w, https:\/\/www.brettl.at\/wp-content\/uploads\/2019\/11\/Richterwahl-1713-300x104.jpg 300w, https:\/\/www.brettl.at\/wp-content\/uploads\/2019\/11\/Richterwahl-1713-400x139.jpg 400w, https:\/\/www.brettl.at\/wp-content\/uploads\/2019\/11\/Richterwahl-1713-600x209.jpg 600w, https:\/\/www.brettl.at\/wp-content\/uploads\/2019\/11\/Richterwahl-1713.jpg 750w\" sizes=\"(max-width: 300px) 100vw, 300px\" \/><\/a><p id=\"caption-attachment-2699\" class=\"wp-caption-text\">Auszug aus dem Ergebnis der Richterwahl in Halbturn 1713 &#8211; \u00a9 Herbert Brettl, Halbturn<\/p><\/div>\n<p>Johann Hollenthonner bekleidete von 1856 bis 1861 das Richteramt in Lockenhaus und beklagte in seinem \u201eGedenkbuch\u201c diese Zeit:<br \/>\n\u201eHeute wurde ich vom Richteramt entlassen, das ich vier Jahre und acht Tage bekleidet habe.<br \/>\nIch bedaure es und habe die Stunde verwunschen, in der ich es geworden bin. Wenn man zum Richter gew\u00e4hlt wird, hat man alle Menschen zum Freund, wenn aber zwei, drei Jahre vergehen, da hat man den Stein auf dem Weg zum Feind.<br \/>\nIch werde es auf dem Sterbebett nicht vergessen, was ich f\u00fcr einen Undank gehabt habe. F\u00fcr alle M\u00fche, f\u00fcr Kummer und Sorgen bleibt nichts als der schlechte Name, weil man nicht jedem recht tun kann.<br \/>\nGl\u00fccklich ist derjenige, der kein Amt bekleiden darf.\u201c (Sammlung Roman Kriszt, Deutsch Jahrndorf)<\/p>\n<\/div><div class=\"fusion-clearfix\"><\/div><\/div><\/div><\/div><\/div>\n","protected":false},"excerpt":{"rendered":"<p>Die Gemeinden erhielten nach der Revolution 1848\/49 mehr Selbstbestimmung und Selbstverwaltung. Die Gemeinden verwalteten ihre gemeindeeigenen Angelegenheiten selbst\u00e4ndig. <\/p>\n","protected":false},"author":3,"featured_media":2699,"comment_status":"open","ping_status":"open","sticky":false,"template":"","format":"standard","meta":{"footnotes":""},"categories":[281,38],"tags":[28],"class_list":["post-2698","post","type-post","status-publish","format-standard","has-post-thumbnail","hentry","category-281","category-westungarn","tag-lockenhaus"],"_links":{"self":[{"href":"https:\/\/www.brettl.at\/blog\/wp-json\/wp\/v2\/posts\/2698","targetHints":{"allow":["GET"]}}],"collection":[{"href":"https:\/\/www.brettl.at\/blog\/wp-json\/wp\/v2\/posts"}],"about":[{"href":"https:\/\/www.brettl.at\/blog\/wp-json\/wp\/v2\/types\/post"}],"author":[{"embeddable":true,"href":"https:\/\/www.brettl.at\/blog\/wp-json\/wp\/v2\/users\/3"}],"replies":[{"embeddable":true,"href":"https:\/\/www.brettl.at\/blog\/wp-json\/wp\/v2\/comments?post=2698"}],"version-history":[{"count":6,"href":"https:\/\/www.brettl.at\/blog\/wp-json\/wp\/v2\/posts\/2698\/revisions"}],"predecessor-version":[{"id":2705,"href":"https:\/\/www.brettl.at\/blog\/wp-json\/wp\/v2\/posts\/2698\/revisions\/2705"}],"wp:featuredmedia":[{"embeddable":true,"href":"https:\/\/www.brettl.at\/blog\/wp-json\/wp\/v2\/media\/2699"}],"wp:attachment":[{"href":"https:\/\/www.brettl.at\/blog\/wp-json\/wp\/v2\/media?parent=2698"}],"wp:term":[{"taxonomy":"category","embeddable":true,"href":"https:\/\/www.brettl.at\/blog\/wp-json\/wp\/v2\/categories?post=2698"},{"taxonomy":"post_tag","embeddable":true,"href":"https:\/\/www.brettl.at\/blog\/wp-json\/wp\/v2\/tags?post=2698"}],"curies":[{"name":"wp","href":"https:\/\/api.w.org\/{rel}","templated":true}]}}