{"id":2767,"date":"2019-12-20T10:34:56","date_gmt":"2019-12-20T09:34:56","guid":{"rendered":"https:\/\/www.brettl.at\/blog\/?p=2767"},"modified":"2024-09-02T17:35:10","modified_gmt":"2024-09-02T15:35:10","slug":"federn-fuer-die-tante-in-new-york","status":"publish","type":"post","link":"https:\/\/www.brettl.at\/blog\/federn-fuer-die-tante-in-new-york\/","title":{"rendered":"Federn f\u00fcr die Tante in New York"},"content":{"rendered":"<div class=\"fusion-fullwidth fullwidth-box fusion-builder-row-1 fusion-flex-container nonhundred-percent-fullwidth non-hundred-percent-height-scrolling\" style=\"--awb-border-radius-top-left:0px;--awb-border-radius-top-right:0px;--awb-border-radius-bottom-right:0px;--awb-border-radius-bottom-left:0px;--awb-flex-wrap:wrap;\" ><div class=\"fusion-builder-row fusion-row fusion-flex-align-items-flex-start fusion-flex-content-wrap\" style=\"max-width:1100.32px;margin-left: calc(-4% \/ 2 );margin-right: calc(-4% \/ 2 );\"><div class=\"fusion-layout-column fusion_builder_column fusion-builder-column-0 fusion_builder_column_1_1 1_1 fusion-flex-column\" style=\"--awb-bg-size:cover;--awb-width-large:100%;--awb-margin-top-large:0px;--awb-spacing-right-large:1.92%;--awb-margin-bottom-large:0px;--awb-spacing-left-large:1.92%;--awb-width-medium:100%;--awb-spacing-right-medium:1.92%;--awb-spacing-left-medium:1.92%;--awb-width-small:100%;--awb-spacing-right-small:1.92%;--awb-spacing-left-small:1.92%;\"><div class=\"fusion-column-wrapper fusion-flex-justify-content-flex-start fusion-content-layout-column\"><div class=\"fusion-text fusion-text-1\"><p><span style=\"font-family: 'Verdana',sans-serif;\"><span style=\"color: #000000;\">Johann\/John Halper wurde 1908 in Jormannsdorf geboren und erlernte nach Beendigung der Schulpflicht mit 14 Jahren das Schneiderhandwerk. Die wirtschaftliche Situation gestaltete sich sehr trostlos, sodass er seine ausgewanderten Verwandten in Amerika bez\u00fcglich einer Auswanderung kontaktierte. Eine Tante lebte im Bundesstaat New York, eine andere Tante in Iowa und ein Onkel in Chicago. Dieser Onkel finanzierte ihm die \u00dcberfahrt nach Amerika und organisierte die Einreiseformalit\u00e4ten. Nach zwei Jahren Wartezeit konnte er mit 20 Jahren endlich seine Reise in die neue Heimat antreten. Ein Pr\u00e4sent f\u00fcr seine Tante in New York nahm er auch mit. 60 Jahre sp\u00e4ter, 1988, erz\u00e4hlte er davon:<br \/>\n<\/span><\/span><\/p>\n<div id=\"attachment_2768\" style=\"width: 310px\" class=\"wp-caption alignleft\"><a href=\"https:\/\/www.brettl.at\/wp-content\/uploads\/2019\/12\/Berim-Federnschleissen-m-Hause-Kiss-Kopie-Kopie.jpg\"><img decoding=\"async\" aria-describedby=\"caption-attachment-2768\" class=\"size-medium wp-image-2768\" src=\"https:\/\/www.brettl.at\/wp-content\/uploads\/2019\/12\/Berim-Federnschleissen-m-Hause-Kiss-Kopie-Kopie-300x129.jpg\" alt=\"\" width=\"300\" height=\"129\" srcset=\"https:\/\/www.brettl.at\/wp-content\/uploads\/2019\/12\/Berim-Federnschleissen-m-Hause-Kiss-Kopie-Kopie-200x86.jpg 200w, https:\/\/www.brettl.at\/wp-content\/uploads\/2019\/12\/Berim-Federnschleissen-m-Hause-Kiss-Kopie-Kopie-300x129.jpg 300w, https:\/\/www.brettl.at\/wp-content\/uploads\/2019\/12\/Berim-Federnschleissen-m-Hause-Kiss-Kopie-Kopie-400x173.jpg 400w, https:\/\/www.brettl.at\/wp-content\/uploads\/2019\/12\/Berim-Federnschleissen-m-Hause-Kiss-Kopie-Kopie-600x259.jpg 600w, https:\/\/www.brettl.at\/wp-content\/uploads\/2019\/12\/Berim-Federnschleissen-m-Hause-Kiss-Kopie-Kopie-768x331.jpg 768w, https:\/\/www.brettl.at\/wp-content\/uploads\/2019\/12\/Berim-Federnschleissen-m-Hause-Kiss-Kopie-Kopie-800x345.jpg 800w, https:\/\/www.brettl.at\/wp-content\/uploads\/2019\/12\/Berim-Federnschleissen-m-Hause-Kiss-Kopie-Kopie-940x400.jpg 940w, https:\/\/www.brettl.at\/wp-content\/uploads\/2019\/12\/Berim-Federnschleissen-m-Hause-Kiss-Kopie-Kopie.jpg 1004w\" sizes=\"(max-width: 300px) 100vw, 300px\" \/><\/a><p id=\"caption-attachment-2768\" class=\"wp-caption-text\">Beim Federnschleissen<\/p><\/div>\n<p><span style=\"font-family: 'Verdana',sans-serif;\"><span style=\"color: #000000;\">\u201eMeine Mutter begleitete mich zur Zugstation in Obersch\u00fctzen, wo ich den Bus nach Wien nahm. Ich fuhr dann weiter nach Bremen, Deutschland, um auf einem Schiff nach Amerika einzuchecken. Ich kannte zwei M\u00e4nner, die mit mir reisten. Beide waren in dieselbe Schule wie ich gegangen. [\u2026] Der Name des Schiffes lautete George Washington. Ich hatte zwei Koffer mit mir. Einer davon war gef\u00fcllt mit Federn f\u00fcr meine Tante in New York. Im anderen befanden sich meine Habseligkeiten. Wir haben diesen Koffer immer noch. Es dauerte 11 Tage bis wir Amerika erreichten. Wir erreichten Ellis Island an einem Sonntagnachmittag, den 11. M\u00e4rz, im Jahre 1929.\u201c (Halper John, Erlebte Geschichte: Ein Auswanderer erz\u00e4hlt aus seinem Leben. In: nach Amerika. Eisenstadt 1992. S. 190) <\/span><\/span><\/p>\n<\/div><\/div><\/div><\/div><\/div>\n","protected":false},"excerpt":{"rendered":"<p>Johann\/John Halper wurde 1908 in Jormannsdorf geboren und erlernte nach Beendigung der Schulpflicht mit 14 Jahren das Schneiderhandwerk. <\/p>\n","protected":false},"author":3,"featured_media":2768,"comment_status":"open","ping_status":"open","sticky":false,"template":"","format":"standard","meta":{"footnotes":""},"categories":[281,32],"tags":[226],"class_list":["post-2767","post","type-post","status-publish","format-standard","has-post-thumbnail","hentry","category-281","category-migration","tag-jormannsdorf"],"_links":{"self":[{"href":"https:\/\/www.brettl.at\/blog\/wp-json\/wp\/v2\/posts\/2767","targetHints":{"allow":["GET"]}}],"collection":[{"href":"https:\/\/www.brettl.at\/blog\/wp-json\/wp\/v2\/posts"}],"about":[{"href":"https:\/\/www.brettl.at\/blog\/wp-json\/wp\/v2\/types\/post"}],"author":[{"embeddable":true,"href":"https:\/\/www.brettl.at\/blog\/wp-json\/wp\/v2\/users\/3"}],"replies":[{"embeddable":true,"href":"https:\/\/www.brettl.at\/blog\/wp-json\/wp\/v2\/comments?post=2767"}],"version-history":[{"count":3,"href":"https:\/\/www.brettl.at\/blog\/wp-json\/wp\/v2\/posts\/2767\/revisions"}],"predecessor-version":[{"id":4636,"href":"https:\/\/www.brettl.at\/blog\/wp-json\/wp\/v2\/posts\/2767\/revisions\/4636"}],"wp:featuredmedia":[{"embeddable":true,"href":"https:\/\/www.brettl.at\/blog\/wp-json\/wp\/v2\/media\/2768"}],"wp:attachment":[{"href":"https:\/\/www.brettl.at\/blog\/wp-json\/wp\/v2\/media?parent=2767"}],"wp:term":[{"taxonomy":"category","embeddable":true,"href":"https:\/\/www.brettl.at\/blog\/wp-json\/wp\/v2\/categories?post=2767"},{"taxonomy":"post_tag","embeddable":true,"href":"https:\/\/www.brettl.at\/blog\/wp-json\/wp\/v2\/tags?post=2767"}],"curies":[{"name":"wp","href":"https:\/\/api.w.org\/{rel}","templated":true}]}}